{"id":35659,"date":"2026-04-30T12:14:41","date_gmt":"2026-04-30T10:14:41","guid":{"rendered":"https:\/\/connectingregion.com\/?p=35659"},"modified":"2026-04-30T12:18:40","modified_gmt":"2026-04-30T10:18:40","slug":"dubrovnik-domacin-poslovnog-foruma-inicijative-tri-mora","status":"publish","type":"post","link":"https:\/\/connectingregion.com\/sr\/vesti\/dubrovnik-domacin-poslovnog-foruma-inicijative-tri-mora\/","title":{"rendered":"Dubrovnik doma\u0107in poslovnog foruma Inicijative tri mora"},"content":{"rendered":"\n<p class=\"has-drop-cap dropcapp2\">Poslovni forum <a href=\"https:\/\/connectingregion.com\/sr\/tag\/three-seas-initiative-sr\/\" data-type=\"post_tag\" data-id=\"4334\">Inicijative tri mora 2026.<\/a> odr\u017ean je 28. i 29. aprila u <a href=\"https:\/\/connectingregion.com\/sr\/tag\/dubrovnik-sr\/\" data-type=\"post_tag\" data-id=\"4309\">Dubrovniku<\/a>, paralelno sa 11. samitom Inicijative tri mora, okupiv\u0161i vi\u0161e od 1.200 u\u010desnika, uklju\u010duju\u0107i predstavnike vlada, poslovne lidere, investitore i me\u0111unarodne finansijske institucije. Doma\u0107in doga\u0111aja bila je Hrvatska, kao zemlja koja trenutno predsedava inicijativom, a skup je istakao sve ve\u0107i strate\u0161ki zna\u010daj saradnje izme\u0111u regiona Balti\u010dkog, Jadranskog i Crnog mora.<\/p>\n\n\n<div class=\"wp-block-image\">\n<figure class=\"aligncenter size-large\"><img loading=\"lazy\" decoding=\"async\" width=\"1024\" height=\"683\" src=\"https:\/\/connectingregion.com\/wp-content\/uploads\/2026\/04\/Seas-Business-Forum-3-1024x683.jpg\" alt=\"\" class=\"wp-image-35615\" srcset=\"https:\/\/connectingregion.com\/wp-content\/uploads\/2026\/04\/Seas-Business-Forum-3-1024x683.jpg 1024w, https:\/\/connectingregion.com\/wp-content\/uploads\/2026\/04\/Seas-Business-Forum-3-300x200.jpg 300w, https:\/\/connectingregion.com\/wp-content\/uploads\/2026\/04\/Seas-Business-Forum-3-768x512.jpg 768w, https:\/\/connectingregion.com\/wp-content\/uploads\/2026\/04\/Seas-Business-Forum-3-630x420.jpg 630w, https:\/\/connectingregion.com\/wp-content\/uploads\/2026\/04\/Seas-Business-Forum-3-150x100.jpg 150w, https:\/\/connectingregion.com\/wp-content\/uploads\/2026\/04\/Seas-Business-Forum-3-696x464.jpg 696w, https:\/\/connectingregion.com\/wp-content\/uploads\/2026\/04\/Seas-Business-Forum-3-1068x712.jpg 1068w, https:\/\/connectingregion.com\/wp-content\/uploads\/2026\/04\/Seas-Business-Forum-3.jpg 1198w\" sizes=\"auto, (max-width: 1024px) 100vw, 1024px\" \/><\/figure>\n<\/div>\n\n\n<p>Forum je bio fokusiran na klju\u010dne sektore poput saobra\u0107aja, energetike, digitalne infrastrukture i finansija, uz poseban naglasak na ja\u010danje energetske sigurnosti i razvoj strate\u0161kih projekata povezivanja. Diskusije su tako\u0111e naglasile sve ve\u0107u ulogu privatnog kapitala i finansijskih institucija u realizaciji velikih infrastrukturnih projekata, kao i potrebu za ja\u010danjem otpornosti i konkurentnosti Evropske unije u uslovima promena globalnih trgovinskih tokova. Tokom samitskog dela, kojem su prisustvovali premijer <a href=\"https:\/\/connectingregion.com\/sr\/tag\/andrej-plenkovic\/\" data-type=\"post_tag\" data-id=\"3786\">Andrej Plenkovi\u0107<\/a> i drugi regionalni lideri, potpisani su sporazumi i definisani zajedni\u010dki prioriteti, \u010dime je potvr\u0111ena uloga inicijative kao mosta izme\u0111u Evrope i Azije kroz nove koridore.<\/p>\n\n\n<div class=\"wp-block-image\">\n<figure class=\"aligncenter size-large\"><img loading=\"lazy\" decoding=\"async\" width=\"1024\" height=\"682\" src=\"https:\/\/connectingregion.com\/wp-content\/uploads\/2026\/04\/Seas-Business-Forum-2-1024x682.jpg\" alt=\"\" class=\"wp-image-35616\" srcset=\"https:\/\/connectingregion.com\/wp-content\/uploads\/2026\/04\/Seas-Business-Forum-2-1024x682.jpg 1024w, https:\/\/connectingregion.com\/wp-content\/uploads\/2026\/04\/Seas-Business-Forum-2-300x200.jpg 300w, https:\/\/connectingregion.com\/wp-content\/uploads\/2026\/04\/Seas-Business-Forum-2-768x512.jpg 768w, https:\/\/connectingregion.com\/wp-content\/uploads\/2026\/04\/Seas-Business-Forum-2-1536x1024.jpg 1536w, https:\/\/connectingregion.com\/wp-content\/uploads\/2026\/04\/Seas-Business-Forum-2-630x420.jpg 630w, https:\/\/connectingregion.com\/wp-content\/uploads\/2026\/04\/Seas-Business-Forum-2-150x100.jpg 150w, https:\/\/connectingregion.com\/wp-content\/uploads\/2026\/04\/Seas-Business-Forum-2-696x464.jpg 696w, https:\/\/connectingregion.com\/wp-content\/uploads\/2026\/04\/Seas-Business-Forum-2-1068x712.jpg 1068w, https:\/\/connectingregion.com\/wp-content\/uploads\/2026\/04\/Seas-Business-Forum-2-1920x1280.jpg 1920w, https:\/\/connectingregion.com\/wp-content\/uploads\/2026\/04\/Seas-Business-Forum-2.jpg 2003w\" sizes=\"auto, (max-width: 1024px) 100vw, 1024px\" \/><\/figure>\n<\/div>\n\n\n<p>Centralni deo foruma bio je Panel lidera, na kojem su u\u010desnici istakli ekonomski potencijal regiona Tri mora, koji broji oko 120 miliona stanovnika i ima zajedni\u010dki BDP od 3,5 biliona evra. Veliki odziv i aktivno u\u010de\u0161\u0107e signalizirali su rastu\u0107e me\u0111unarodno interesovanje za inicijativu, pozicioniraju\u0107i je kao klju\u010dnu platformu za investicije, regionalnu integraciju i infrastrukturni razvoj usmeren ka budu\u0107nosti.<\/p>\n\n\n<div class=\"wp-block-image\">\n<figure class=\"aligncenter size-large\"><img loading=\"lazy\" decoding=\"async\" width=\"1024\" height=\"683\" src=\"https:\/\/connectingregion.com\/wp-content\/uploads\/2026\/04\/Seas-Business-Forum-4-1024x683.jpg\" alt=\"\" class=\"wp-image-35617\" srcset=\"https:\/\/connectingregion.com\/wp-content\/uploads\/2026\/04\/Seas-Business-Forum-4-1024x683.jpg 1024w, https:\/\/connectingregion.com\/wp-content\/uploads\/2026\/04\/Seas-Business-Forum-4-300x200.jpg 300w, https:\/\/connectingregion.com\/wp-content\/uploads\/2026\/04\/Seas-Business-Forum-4-768x512.jpg 768w, https:\/\/connectingregion.com\/wp-content\/uploads\/2026\/04\/Seas-Business-Forum-4-630x420.jpg 630w, https:\/\/connectingregion.com\/wp-content\/uploads\/2026\/04\/Seas-Business-Forum-4-150x100.jpg 150w, https:\/\/connectingregion.com\/wp-content\/uploads\/2026\/04\/Seas-Business-Forum-4-696x464.jpg 696w, https:\/\/connectingregion.com\/wp-content\/uploads\/2026\/04\/Seas-Business-Forum-4.jpg 1047w\" sizes=\"auto, (max-width: 1024px) 100vw, 1024px\" \/><\/figure>\n<\/div>\n\n\n<p>Premijer Plenkovi\u0107, zajedno sa Borjanom Kri\u0161to, potpisao je sporazum o gasnoj interkonekciji izme\u0111u Hrvatske i Bosne i Hercegovine, opisuju\u0107i ga kao temelj energetske nezavisnosti i bilateralne saradnje. Ameri\u010dki sekretar za energetiku Chris Wright istakao je da ve\u0107a dostupnost energije podsti\u010de prosperitet, nagla\u0161avaju\u0107i \u0161iri strate\u0161ki zna\u010daj takvih projekata.<\/p>\n\n\n<div class=\"wp-block-image\">\n<figure class=\"aligncenter size-large\"><img loading=\"lazy\" decoding=\"async\" width=\"1024\" height=\"683\" src=\"https:\/\/connectingregion.com\/wp-content\/uploads\/2026\/04\/Dubrovnik-Hosts-Business-Forum-1024x683.jpg\" alt=\"\" class=\"wp-image-35618\" srcset=\"https:\/\/connectingregion.com\/wp-content\/uploads\/2026\/04\/Dubrovnik-Hosts-Business-Forum-1024x683.jpg 1024w, https:\/\/connectingregion.com\/wp-content\/uploads\/2026\/04\/Dubrovnik-Hosts-Business-Forum-300x200.jpg 300w, https:\/\/connectingregion.com\/wp-content\/uploads\/2026\/04\/Dubrovnik-Hosts-Business-Forum-768x512.jpg 768w, https:\/\/connectingregion.com\/wp-content\/uploads\/2026\/04\/Dubrovnik-Hosts-Business-Forum-630x420.jpg 630w, https:\/\/connectingregion.com\/wp-content\/uploads\/2026\/04\/Dubrovnik-Hosts-Business-Forum-150x100.jpg 150w, https:\/\/connectingregion.com\/wp-content\/uploads\/2026\/04\/Dubrovnik-Hosts-Business-Forum-696x464.jpg 696w, https:\/\/connectingregion.com\/wp-content\/uploads\/2026\/04\/Dubrovnik-Hosts-Business-Forum-1068x712.jpg 1068w, https:\/\/connectingregion.com\/wp-content\/uploads\/2026\/04\/Dubrovnik-Hosts-Business-Forum.jpg 1200w\" sizes=\"auto, (max-width: 1024px) 100vw, 1024px\" \/><\/figure>\n<\/div>\n\n\n<p>Forum je tako\u0111e stavio u fokus projekat Pantheon, vredan oko 50 milijardi dolara, koji uklju\u010duje planove za izgradnju velikog centra za razvoj i inovacije u oblasti AI u Topuskom, jedne od najve\u0107ih investicija u Centralnoj i Isto\u010dnoj Evropi. O\u010dekuje se da \u0107e projekat otvoriti hiljade radnih mesta i zna\u010dajno unaprediti infrastrukturu, uz procenjenih 500 miliona evra namenjenih elektroenergetskim mre\u017eama, saobra\u0107aju i digitalnim mre\u017eama. Hrvatska kompanija Kon\u010dar trebalo bi da u\u010destvuje kroz pismo o namerama sa kompanijom Pantheon Atlas LLC, dok se po\u010detak izgradnje o\u010dekuje 2027, a po\u010detak rada 2029. godine.<\/p>\n","protected":false},"excerpt":{"rendered":"<p>Poslovni forum Inicijative tri mora 2026. odr\u017ean je 28. i 29. aprila u Dubrovniku, paralelno sa 11. samitom Inicijative tri mora, okupiv\u0161i vi\u0161e od 1.200 u\u010desnika, uklju\u010duju\u0107i predstavnike vlada, poslovne lidere, investitore i me\u0111unarodne finansijske institucije. Doma\u0107in doga\u0111aja bila je Hrvatska, kao zemlja koja trenutno predsedava inicijativom, a skup je istakao sve ve\u0107i strate\u0161ki zna\u010daj [&hellip;]<\/p>\n","protected":false},"author":4,"featured_media":35614,"comment_status":"closed","ping_status":"closed","sticky":false,"template":"","format":"standard","meta":{"footnotes":""},"categories":[3326,3317,3077],"tags":[3786,4321,4328,4309,3578,4334],"class_list":{"0":"post-35659","1":"post","2":"type-post","3":"status-publish","4":"format-standard","5":"has-post-thumbnail","7":"category-dogadjaji","8":"category-hrvatska","9":"category-vesti","10":"tag-andrej-plenkovic","11":"tag-borjana-kristo","12":"tag-chris-wright-sr","13":"tag-dubrovnik-sr","14":"tag-eu","15":"tag-three-seas-initiative-sr"},"td_post_theme_settings":{"td_primary_cat":"3317","td_subtitle":"Lideri, investitori i predstavnici vlasti i poslovne zajednice okupili su se kako bi oja\u010dali saradnju u oblasti energetike, saobra\u0107aja i digitalne infrastrukture u regionu."},"_links":{"self":[{"href":"https:\/\/connectingregion.com\/sr\/wp-json\/wp\/v2\/posts\/35659","targetHints":{"allow":["GET"]}}],"collection":[{"href":"https:\/\/connectingregion.com\/sr\/wp-json\/wp\/v2\/posts"}],"about":[{"href":"https:\/\/connectingregion.com\/sr\/wp-json\/wp\/v2\/types\/post"}],"author":[{"embeddable":true,"href":"https:\/\/connectingregion.com\/sr\/wp-json\/wp\/v2\/users\/4"}],"replies":[{"embeddable":true,"href":"https:\/\/connectingregion.com\/sr\/wp-json\/wp\/v2\/comments?post=35659"}],"version-history":[{"count":3,"href":"https:\/\/connectingregion.com\/sr\/wp-json\/wp\/v2\/posts\/35659\/revisions"}],"predecessor-version":[{"id":35682,"href":"https:\/\/connectingregion.com\/sr\/wp-json\/wp\/v2\/posts\/35659\/revisions\/35682"}],"wp:featuredmedia":[{"embeddable":true,"href":"https:\/\/connectingregion.com\/sr\/wp-json\/wp\/v2\/media\/35614"}],"wp:attachment":[{"href":"https:\/\/connectingregion.com\/sr\/wp-json\/wp\/v2\/media?parent=35659"}],"wp:term":[{"taxonomy":"category","embeddable":true,"href":"https:\/\/connectingregion.com\/sr\/wp-json\/wp\/v2\/categories?post=35659"},{"taxonomy":"post_tag","embeddable":true,"href":"https:\/\/connectingregion.com\/sr\/wp-json\/wp\/v2\/tags?post=35659"}],"curies":[{"name":"wp","href":"https:\/\/api.w.org\/{rel}","templated":true}]}}