{"id":35273,"date":"2026-04-27T11:12:02","date_gmt":"2026-04-27T09:12:02","guid":{"rendered":"https:\/\/connectingregion.com\/?p=35273"},"modified":"2026-04-27T12:30:01","modified_gmt":"2026-04-27T10:30:01","slug":"adria-future-summit-v-tivtu-od-regionalnega-dialoga-do-konkretnih-projektov","status":"publish","type":"post","link":"https:\/\/connectingregion.com\/sl\/novice\/adria-future-summit-v-tivtu-od-regionalnega-dialoga-do-konkretnih-projektov\/","title":{"rendered":"Adria Future Summit v Tivtu: Od regionalnega dialoga do konkretnih projektov"},"content":{"rendered":"\n<p class=\"has-drop-cap dropcapp2\">Z ve\u010d kot 70 sejami in visokoprofilnimi udele\u017eenci, med katerimi so bili Milojko Spaji\u0107, Mohamed Alabbar, Annette Kroeber-Riel, Cherie Blair in Manfredi Lefebvre d\u2019Ovidio, je summit poslal jasno sporo\u010dilo: regija mora v vse zahtevnej\u0161em globalnem okolju ukrepati odlo\u010dno.<\/p>\n\n\n<div class=\"wp-block-image\">\n<figure class=\"aligncenter size-large\"><img loading=\"lazy\" decoding=\"async\" width=\"1024\" height=\"683\" src=\"https:\/\/connectingregion.com\/wp-content\/uploads\/2026\/04\/Adria-Future-Summit-in-Tivat-1-1024x683.jpg\" alt=\"\" class=\"wp-image-35250\" srcset=\"https:\/\/connectingregion.com\/wp-content\/uploads\/2026\/04\/Adria-Future-Summit-in-Tivat-1-1024x683.jpg 1024w, https:\/\/connectingregion.com\/wp-content\/uploads\/2026\/04\/Adria-Future-Summit-in-Tivat-1-300x200.jpg 300w, https:\/\/connectingregion.com\/wp-content\/uploads\/2026\/04\/Adria-Future-Summit-in-Tivat-1-768x512.jpg 768w, https:\/\/connectingregion.com\/wp-content\/uploads\/2026\/04\/Adria-Future-Summit-in-Tivat-1-630x420.jpg 630w, https:\/\/connectingregion.com\/wp-content\/uploads\/2026\/04\/Adria-Future-Summit-in-Tivat-1-150x100.jpg 150w, https:\/\/connectingregion.com\/wp-content\/uploads\/2026\/04\/Adria-Future-Summit-in-Tivat-1-696x464.jpg 696w, https:\/\/connectingregion.com\/wp-content\/uploads\/2026\/04\/Adria-Future-Summit-in-Tivat-1-1068x712.jpg 1068w, https:\/\/connectingregion.com\/wp-content\/uploads\/2026\/04\/Adria-Future-Summit-in-Tivat-1.jpg 1200w\" sizes=\"auto, (max-width: 1024px) 100vw, 1024px\" \/><figcaption class=\"wp-element-caption\">Biljana Braithwaite<\/figcaption><\/figure>\n<\/div>\n\n\n<p>Na otvoritvi je <a href=\"https:\/\/connectingregion.com\/tag\/biljana-braithwaite\/\" type=\"link\" id=\"https:\/\/connectingregion.com\/sl\/tag\/biljana-braithwaite\/\">Biljana Braithwaite<\/a> poudarila, da platforma obstaja zato, da lahko regija \u00bbspregovori sama zase in deluje\u00ab, kar odra\u017ea \u0161ir\u0161i premik od dialoga, osredoto\u010denega na ESG, k rasti, upravljanju, odpornosti in inovacijam. Ta usmeritev je bila potrjena tudi s strani <a href=\"https:\/\/connectingregion.com\/sl\/tag\/zeljko-komnenovic\/\" type=\"post_tag\" id=\"4250\">\u017deljka Komnenovi\u0107a<\/a>, ki je Tivat predstavil ne le kot destinacijo, temve\u010d kot sti\u010di\u0161\u010de globalnih ambicij in lokalne odgovornosti. Razprave so se dotaknile tudi evropske poti regije, pri \u010demer je bila \u010crna gora izpostavljena kot vodilna v pristopnih pogajanjih in aktualna predsedujo\u010da Berlinskem procesu, kar je dodatno okrepilo politi\u010dno te\u017eo agende summita.<\/p>\n\n\n<div class=\"wp-block-image\">\n<figure class=\"aligncenter size-large\"><img loading=\"lazy\" decoding=\"async\" width=\"1024\" height=\"683\" src=\"https:\/\/connectingregion.com\/wp-content\/uploads\/2026\/04\/Adria-Future-Summit-in-Tivat-2-1024x683.jpg\" alt=\"\" class=\"wp-image-35251\" srcset=\"https:\/\/connectingregion.com\/wp-content\/uploads\/2026\/04\/Adria-Future-Summit-in-Tivat-2-1024x683.jpg 1024w, https:\/\/connectingregion.com\/wp-content\/uploads\/2026\/04\/Adria-Future-Summit-in-Tivat-2-300x200.jpg 300w, https:\/\/connectingregion.com\/wp-content\/uploads\/2026\/04\/Adria-Future-Summit-in-Tivat-2-768x512.jpg 768w, https:\/\/connectingregion.com\/wp-content\/uploads\/2026\/04\/Adria-Future-Summit-in-Tivat-2-630x420.jpg 630w, https:\/\/connectingregion.com\/wp-content\/uploads\/2026\/04\/Adria-Future-Summit-in-Tivat-2-150x100.jpg 150w, https:\/\/connectingregion.com\/wp-content\/uploads\/2026\/04\/Adria-Future-Summit-in-Tivat-2-696x464.jpg 696w, https:\/\/connectingregion.com\/wp-content\/uploads\/2026\/04\/Adria-Future-Summit-in-Tivat-2-1068x712.jpg 1068w, https:\/\/connectingregion.com\/wp-content\/uploads\/2026\/04\/Adria-Future-Summit-in-Tivat-2.jpg 1200w\" sizes=\"auto, (max-width: 1024px) 100vw, 1024px\" \/><figcaption class=\"wp-element-caption\">Milojko Spaji\u0107<\/figcaption><\/figure>\n<\/div>\n\n\n<p>Serija panelov na visoki ravni je dodatno utrdila ta premik, zlasti tisti, ki so zdru\u017eili regionalne ministre in visoke oblikovalce politik. Razprave so se osredoto\u010dile na pospe\u0161evanje evropskih integracij, izbolj\u0161anje regionalne povezanosti ter spro\u0161\u010danje strate\u0161kih nalo\u017eb v infrastrukturo, energetiko in digitalno preobrazbo. Predsednik vlade <a href=\"https:\/\/connectingregion.com\/sl\/tag\/milojko-spajic\/\" type=\"post_tag\" id=\"3614\">Milojko Spaji\u0107<\/a> je izpostavil ambicijo \u010crne gore, da ohrani vodilni polo\u017eaj v procesu pristopanja k EU, pri \u010demer je poudaril fiskalno stabilnost in izvajanje reform kot klju\u010dni prioriteti. V vseh teh razpravah se je izoblikoval jasen zaklju\u010dek: konkuren\u010dnost regije bo odvisna od njene sposobnosti uskladiti javne politike z zasebnim kapitalom, okrepiti institucionalne okvire ter preiti od razdrobljenih pobud k usklajenim, \u010dezmejnim projektom. Govorci so poudarili tudi, da mora trajnostna rast temeljiti na dobrem upravljanju, dru\u017ebeni odgovornosti in dolgoro\u010dni odpornosti, ne pa na kratkoro\u010dnih koristih.<\/p>\n\n\n<div class=\"wp-block-image\">\n<figure class=\"aligncenter size-large\"><img loading=\"lazy\" decoding=\"async\" width=\"1024\" height=\"683\" src=\"https:\/\/connectingregion.com\/wp-content\/uploads\/2026\/04\/Adria-Future-Summit-in-Tivat-3-1024x683.jpg\" alt=\"\" class=\"wp-image-35252\" srcset=\"https:\/\/connectingregion.com\/wp-content\/uploads\/2026\/04\/Adria-Future-Summit-in-Tivat-3-1024x683.jpg 1024w, https:\/\/connectingregion.com\/wp-content\/uploads\/2026\/04\/Adria-Future-Summit-in-Tivat-3-300x200.jpg 300w, https:\/\/connectingregion.com\/wp-content\/uploads\/2026\/04\/Adria-Future-Summit-in-Tivat-3-768x512.jpg 768w, https:\/\/connectingregion.com\/wp-content\/uploads\/2026\/04\/Adria-Future-Summit-in-Tivat-3-630x420.jpg 630w, https:\/\/connectingregion.com\/wp-content\/uploads\/2026\/04\/Adria-Future-Summit-in-Tivat-3-150x100.jpg 150w, https:\/\/connectingregion.com\/wp-content\/uploads\/2026\/04\/Adria-Future-Summit-in-Tivat-3-696x464.jpg 696w, https:\/\/connectingregion.com\/wp-content\/uploads\/2026\/04\/Adria-Future-Summit-in-Tivat-3-1068x712.jpg 1068w, https:\/\/connectingregion.com\/wp-content\/uploads\/2026\/04\/Adria-Future-Summit-in-Tivat-3.jpg 1200w\" sizes=\"auto, (max-width: 1024px) 100vw, 1024px\" \/><\/figure>\n<\/div>\n\n\n<p>Dodatna serija panelov na visoki ravni je \u0161e dodatno konkretizirala usmeritev summita k izvedbi, saj je ponudila konkretne zaklju\u010dke v klju\u010dnih sektorjih. Na razpravi \u00bbKjer se sre\u010data kapital in ambicija \u2013 vlaganje v Adria regijo\u00ab so udele\u017eenci poudarili, da regija ne trpi ve\u010d zaradi pomanjkanja kapitala, temve\u010d zaradi pomanjkanja dobro pripravljenih in financiranja vrednih projektov, pri \u010demer so izpostavili potrebo po mo\u010dnej\u0161i institucionalni koordinaciji in jasnej\u0161ih investicijskih tokovih. Na panelu \u00bbEkonomija obnovljivih virov energije\u00ab se je fokus premaknil na energetski prehod kot eno najbolj neposrednih prilo\u017enosti regije, pri \u010demer so govorci poudarili, da bosta regulativna usklajenost in hitrej\u0161i postopki izdaje dovoljenj klju\u010dna za sprostitev velikih zelenih nalo\u017eb.<\/p>\n\n\n<div class=\"wp-block-image\">\n<figure class=\"aligncenter size-large\"><img loading=\"lazy\" decoding=\"async\" width=\"1024\" height=\"683\" src=\"https:\/\/connectingregion.com\/wp-content\/uploads\/2026\/04\/Adria-Future-Summit-in-Tivat-4-1024x683.jpg\" alt=\"\" class=\"wp-image-35253\" srcset=\"https:\/\/connectingregion.com\/wp-content\/uploads\/2026\/04\/Adria-Future-Summit-in-Tivat-4-1024x683.jpg 1024w, https:\/\/connectingregion.com\/wp-content\/uploads\/2026\/04\/Adria-Future-Summit-in-Tivat-4-300x200.jpg 300w, https:\/\/connectingregion.com\/wp-content\/uploads\/2026\/04\/Adria-Future-Summit-in-Tivat-4-768x512.jpg 768w, https:\/\/connectingregion.com\/wp-content\/uploads\/2026\/04\/Adria-Future-Summit-in-Tivat-4-630x420.jpg 630w, https:\/\/connectingregion.com\/wp-content\/uploads\/2026\/04\/Adria-Future-Summit-in-Tivat-4-150x100.jpg 150w, https:\/\/connectingregion.com\/wp-content\/uploads\/2026\/04\/Adria-Future-Summit-in-Tivat-4-696x464.jpg 696w, https:\/\/connectingregion.com\/wp-content\/uploads\/2026\/04\/Adria-Future-Summit-in-Tivat-4-1068x712.jpg 1068w, https:\/\/connectingregion.com\/wp-content\/uploads\/2026\/04\/Adria-Future-Summit-in-Tivat-4.jpg 1200w\" sizes=\"auto, (max-width: 1024px) 100vw, 1024px\" \/><figcaption class=\"wp-element-caption\">Mohamed Alabbar<\/figcaption><\/figure>\n<\/div>\n\n\n<p>V okviru keynote fireside pogovora je <a href=\"https:\/\/connectingregion.com\/sl\/tag\/mohamed-alabbar\/\" type=\"post_tag\" id=\"4198\">Mohamed Alabbar<\/a> izpostavil \u0161e vedno neizkori\u0161\u010den potencial Jadrana kot vrhunske globalne destinacije ter poudaril, da dolgoro\u010dna vrednost le\u017ei v integriranih razvojnih projektih, ki zdru\u017eujejo turizem, infrastrukturo in vpliv na skupnost. Skozi te razprave, pa tudi skozi ministrske panele o regionalnem sodelovanju in evropskih integracijah, se je izoblikovalo enotno sporo\u010dilo: regija mora prese\u010di razdrobljene pobude in se osredoto\u010diti na izvedbo skalabilnih projektov, kjer so usklajene javne politike, zasebni kapital in strategije lokalnega razvoja.<\/p>\n\n\n\n<p>Kot del uradnega programa je The Region organiziral ciljno usmerjen <a href=\"https:\/\/connectingregion.com\/sl\/novice\/the-region-organiziral-dogodek-montenegro-means-business-na-adria-future-summitu-v-tivtu\/\" type=\"link\" id=\"https:\/\/connectingregion.com\/sl\/novice\/the-region-organiziral-dogodek-montenegro-means-business-na-adria-future-summitu-v-tivtu\/\">networking dogodek <\/a>z naslovom \u00bbMontenegro Means Business\u00ab, na katerem se je zbrala skrbno izbrana skupina poslovnih voditeljev, investitorjev in institucionalnih predstavnikov.<\/p>\n\n\n<div class=\"wp-block-image\">\n<figure class=\"aligncenter size-large\"><img loading=\"lazy\" decoding=\"async\" width=\"1024\" height=\"683\" src=\"https:\/\/connectingregion.com\/wp-content\/uploads\/2026\/04\/Ana-Novcic-Montenegro-Means-Business-Event-at-Adria-Future-Summit-1024x683.jpg\" alt=\"\" class=\"wp-image-35121\" srcset=\"https:\/\/connectingregion.com\/wp-content\/uploads\/2026\/04\/Ana-Novcic-Montenegro-Means-Business-Event-at-Adria-Future-Summit-1024x683.jpg 1024w, https:\/\/connectingregion.com\/wp-content\/uploads\/2026\/04\/Ana-Novcic-Montenegro-Means-Business-Event-at-Adria-Future-Summit-300x200.jpg 300w, https:\/\/connectingregion.com\/wp-content\/uploads\/2026\/04\/Ana-Novcic-Montenegro-Means-Business-Event-at-Adria-Future-Summit-768x512.jpg 768w, https:\/\/connectingregion.com\/wp-content\/uploads\/2026\/04\/Ana-Novcic-Montenegro-Means-Business-Event-at-Adria-Future-Summit-630x420.jpg 630w, https:\/\/connectingregion.com\/wp-content\/uploads\/2026\/04\/Ana-Novcic-Montenegro-Means-Business-Event-at-Adria-Future-Summit-150x100.jpg 150w, https:\/\/connectingregion.com\/wp-content\/uploads\/2026\/04\/Ana-Novcic-Montenegro-Means-Business-Event-at-Adria-Future-Summit-696x464.jpg 696w, https:\/\/connectingregion.com\/wp-content\/uploads\/2026\/04\/Ana-Novcic-Montenegro-Means-Business-Event-at-Adria-Future-Summit-1068x712.jpg 1068w, https:\/\/connectingregion.com\/wp-content\/uploads\/2026\/04\/Ana-Novcic-Montenegro-Means-Business-Event-at-Adria-Future-Summit.jpg 1200w\" sizes=\"auto, (max-width: 1024px) 100vw, 1024px\" \/><figcaption class=\"wp-element-caption\">Ana Nov\u010di\u0107<\/figcaption><\/figure>\n<\/div>\n\n\n<p><a href=\"https:\/\/connectingregion.com\/sl\/tag\/ana-novcic\/\" type=\"post_tag\" id=\"4128\">Ana Nov\u010di\u0107<\/a>, glavna urednica in izvr\u0161na direktorica The Region ter zalo\u017eni\u0161ke hi\u0161e AIM, ki stoji za The Region in CorD Magazine, je odprla dogodek z umestitvijo The Region kot platforme, ki spremlja, kako se investicijske zgodbe v Adria regiji spreminjajo v konkretne projekte, hkrati pa je napovedala, da je njihova spletna stran zdaj na voljo v sedmih regionalnih jezikih poleg angle\u0161\u010dine, kar bistveno \u0161iri njen doseg. Predstavila je tudi prihajajo\u010do junijsko \u0161tevilko \u00bbCroatia Means Business\u00ab.<\/p>\n\n\n<div class=\"wp-block-image\">\n<figure class=\"aligncenter size-large\"><img loading=\"lazy\" decoding=\"async\" width=\"1024\" height=\"683\" src=\"https:\/\/connectingregion.com\/wp-content\/uploads\/2026\/04\/Montenegro-Means-Business-Event-at-Adria-Future-Summit-10-1024x683.jpg\" alt=\"\" class=\"wp-image-35249\" srcset=\"https:\/\/connectingregion.com\/wp-content\/uploads\/2026\/04\/Montenegro-Means-Business-Event-at-Adria-Future-Summit-10-1024x683.jpg 1024w, https:\/\/connectingregion.com\/wp-content\/uploads\/2026\/04\/Montenegro-Means-Business-Event-at-Adria-Future-Summit-10-300x200.jpg 300w, https:\/\/connectingregion.com\/wp-content\/uploads\/2026\/04\/Montenegro-Means-Business-Event-at-Adria-Future-Summit-10-768x512.jpg 768w, https:\/\/connectingregion.com\/wp-content\/uploads\/2026\/04\/Montenegro-Means-Business-Event-at-Adria-Future-Summit-10-630x420.jpg 630w, https:\/\/connectingregion.com\/wp-content\/uploads\/2026\/04\/Montenegro-Means-Business-Event-at-Adria-Future-Summit-10-150x100.jpg 150w, https:\/\/connectingregion.com\/wp-content\/uploads\/2026\/04\/Montenegro-Means-Business-Event-at-Adria-Future-Summit-10-696x464.jpg 696w, https:\/\/connectingregion.com\/wp-content\/uploads\/2026\/04\/Montenegro-Means-Business-Event-at-Adria-Future-Summit-10-1068x712.jpg 1068w, https:\/\/connectingregion.com\/wp-content\/uploads\/2026\/04\/Montenegro-Means-Business-Event-at-Adria-Future-Summit-10.jpg 1200w\" sizes=\"auto, (max-width: 1024px) 100vw, 1024px\" \/><\/figure>\n<\/div>\n\n\n<p>Osrednji pogovor ve\u010dera je potekal z <a href=\"https:\/\/connectingregion.com\/sl\/tag\/davor-kunc\/\" type=\"post_tag\" id=\"4134\">Davorjem Kuncem<\/a>, vodjo Evropske investicijske banke v \u010crni gori, v fireside razpravi z COO-jem AIM, Ivano Jovanovi\u0107, pri \u010demer je bil fokus na tem, kako se mednarodno financiranje pretvarja v konkretne projekte na terenu. Temu je sledil \u0161e drugi pogovor z \u0110ino Vuk\u010devi\u0107 iz WOBA, ki je ponudila pogled na regionalni poslovni razvoj in tr\u017ene dinamike. Med udele\u017eenci so bili tudi veleposlanica Kanade v \u010crni gori, Njena ekscelenca Michelle Cameron, Brankica Jankovi\u0107, predstavniki Sveta tujih investitorjev v \u010crni gori, vklju\u010dno z Arijano Nikoli\u0107 in Nemanjo Bojovi\u0107em, Budomir Rai\u010dkovi\u0107, predsednik Zdru\u017eenja mened\u017eerjev \u010crne gore, ter druge vidne osebnosti iz regionalne poslovne skupnosti.<\/p>\n\n\n\n<p>Na splo\u0161no je <a href=\"https:\/\/connectingregion.com\/sl\/tag\/adria-future-summit\/\" type=\"post_tag\" id=\"4124\">Adria Future Summit<\/a> potrdil svojo evolucijo v platformo ne le za dialog, temve\u010d tudi za delovanje, saj zdru\u017euje akterje, sposobne oblikovati naslednjo fazo gospodarskega in institucionalnega razvoja jadranske regije.<\/p>\n","protected":false},"excerpt":{"rendered":"<p>Z ve\u010d kot 70 sejami in visokoprofilnimi udele\u017eenci, med katerimi so bili Milojko Spaji\u0107, Mohamed Alabbar, Annette Kroeber-Riel, Cherie Blair in Manfredi Lefebvre d\u2019Ovidio, je summit poslal jasno sporo\u010dilo: regija mora v vse zahtevnej\u0161em globalnem okolju ukrepati odlo\u010dno. Na otvoritvi je Biljana Braithwaite poudarila, da platforma obstaja zato, da lahko regija \u00bbspregovori sama zase in [&hellip;]<\/p>\n","protected":false},"author":4,"featured_media":35254,"comment_status":"closed","ping_status":"closed","sticky":false,"template":"","format":"standard","meta":{"footnotes":""},"categories":[3348,3327,3078],"tags":[4124,4128,4233,4236,4134,4248,3614,4198,3524],"class_list":{"0":"post-35273","1":"post","2":"type-post","3":"status-publish","4":"format-standard","5":"has-post-thumbnail","7":"category-crna-gora","8":"category-dogodki","9":"category-novice","10":"tag-adria-future-summit","11":"tag-ana-novcic","12":"tag-annette-kroeber-riel","13":"tag-cherie-blair","14":"tag-davor-kunc","15":"tag-manfredi-lefebvre-dovidio","16":"tag-milojko-spajic","17":"tag-mohamed-alabbar","18":"tag-tivat"},"td_post_theme_settings":{"td_subtitle":"Adria Future Summit, ki je potekal od 22. do 24. aprila v Porto Montenegru, se je uveljavil kot prelomna to\u010dka za Zahodni Balkan, saj je narativ premaknil od potenciala k konkretni izvedbi."},"yoast_head":"<!-- This site is optimized with the Yoast SEO plugin v27.4 - https:\/\/yoast.com\/product\/yoast-seo-wordpress\/ -->\n<title>Adria Future Summit v Tivtu: Od regionalnega dialoga do konkretnih projektov - The Region<\/title>\n<meta name=\"robots\" content=\"index, follow, max-snippet:-1, max-image-preview:large, max-video-preview:-1\" \/>\n<link rel=\"canonical\" href=\"https:\/\/connectingregion.com\/sl\/novice\/adria-future-summit-v-tivtu-od-regionalnega-dialoga-do-konkretnih-projektov\/\" \/>\n<meta property=\"og:locale\" content=\"sl_SI\" \/>\n<meta property=\"og:type\" content=\"article\" \/>\n<meta property=\"og:title\" content=\"Adria Future Summit v Tivtu: Od regionalnega dialoga do konkretnih projektov - The Region\" \/>\n<meta property=\"og:description\" content=\"Z ve\u010d kot 70 sejami in visokoprofilnimi udele\u017eenci, med katerimi so bili Milojko Spaji\u0107, Mohamed Alabbar, Annette Kroeber-Riel, Cherie Blair in Manfredi Lefebvre d\u2019Ovidio, je summit poslal jasno sporo\u010dilo: regija mora v vse zahtevnej\u0161em globalnem okolju ukrepati odlo\u010dno. Na otvoritvi je Biljana Braithwaite poudarila, da platforma obstaja zato, da lahko regija \u00bbspregovori sama zase in [&hellip;]\" \/>\n<meta property=\"og:url\" content=\"https:\/\/connectingregion.com\/sl\/novice\/adria-future-summit-v-tivtu-od-regionalnega-dialoga-do-konkretnih-projektov\/\" \/>\n<meta property=\"og:site_name\" content=\"The Region\" \/>\n<meta property=\"article:published_time\" content=\"2026-04-27T09:12:02+00:00\" \/>\n<meta property=\"article:modified_time\" content=\"2026-04-27T10:30:01+00:00\" \/>\n<meta property=\"og:image\" content=\"https:\/\/connectingregion.com\/wp-content\/uploads\/2026\/04\/Adria-Future-Summit-in-Tivat-5.jpg\" \/>\n\t<meta property=\"og:image:width\" content=\"1200\" \/>\n\t<meta property=\"og:image:height\" content=\"800\" \/>\n\t<meta property=\"og:image:type\" content=\"image\/jpeg\" \/>\n<meta name=\"author\" content=\"Jovan\" \/>\n<meta name=\"twitter:card\" content=\"summary_large_image\" \/>\n<meta name=\"twitter:creator\" content=\"@connectregion\" \/>\n<meta name=\"twitter:site\" content=\"@connectregion\" \/>\n<meta name=\"twitter:label1\" content=\"Written by\" \/>\n\t<meta name=\"twitter:data1\" content=\"Jovan\" \/>\n\t<meta name=\"twitter:label2\" content=\"Est. reading time\" \/>\n\t<meta name=\"twitter:data2\" content=\"5 minut\" \/>\n<script type=\"application\/ld+json\" class=\"yoast-schema-graph\">{\"@context\":\"https:\\\/\\\/schema.org\",\"@graph\":[{\"@type\":\"Article\",\"@id\":\"https:\\\/\\\/connectingregion.com\\\/sl\\\/novice\\\/adria-future-summit-v-tivtu-od-regionalnega-dialoga-do-konkretnih-projektov\\\/#article\",\"isPartOf\":{\"@id\":\"https:\\\/\\\/connectingregion.com\\\/sl\\\/novice\\\/adria-future-summit-v-tivtu-od-regionalnega-dialoga-do-konkretnih-projektov\\\/\"},\"author\":{\"name\":\"Jovan\",\"@id\":\"https:\\\/\\\/connectingregion.com\\\/#\\\/schema\\\/person\\\/de13a9eaa84fab489c5d2c6acff922b2\"},\"headline\":\"Adria Future Summit v Tivtu: Od regionalnega dialoga do konkretnih projektov\",\"datePublished\":\"2026-04-27T09:12:02+00:00\",\"dateModified\":\"2026-04-27T10:30:01+00:00\",\"mainEntityOfPage\":{\"@id\":\"https:\\\/\\\/connectingregion.com\\\/sl\\\/novice\\\/adria-future-summit-v-tivtu-od-regionalnega-dialoga-do-konkretnih-projektov\\\/\"},\"wordCount\":770,\"publisher\":{\"@id\":\"https:\\\/\\\/connectingregion.com\\\/#organization\"},\"image\":{\"@id\":\"https:\\\/\\\/connectingregion.com\\\/sl\\\/novice\\\/adria-future-summit-v-tivtu-od-regionalnega-dialoga-do-konkretnih-projektov\\\/#primaryimage\"},\"thumbnailUrl\":\"https:\\\/\\\/connectingregion.com\\\/wp-content\\\/uploads\\\/2026\\\/04\\\/Adria-Future-Summit-in-Tivat-5.jpg\",\"keywords\":[\"Adria Future Summit\",\"Ana Nov\u010di\u0107\",\"Annette Kroeber-Riel\",\"Cherie Blair\",\"Davor Kunc\",\"Manfredi Lefebvre d\u2019Ovidio\",\"Milojko Spaji\u0107\",\"Mohamed Alabbar\",\"Tivat\"],\"articleSection\":[\"\u010crna Gora\",\"Dogodki\",\"Novice\"],\"inLanguage\":\"sl-SI\"},{\"@type\":\"WebPage\",\"@id\":\"https:\\\/\\\/connectingregion.com\\\/sl\\\/novice\\\/adria-future-summit-v-tivtu-od-regionalnega-dialoga-do-konkretnih-projektov\\\/\",\"url\":\"https:\\\/\\\/connectingregion.com\\\/sl\\\/novice\\\/adria-future-summit-v-tivtu-od-regionalnega-dialoga-do-konkretnih-projektov\\\/\",\"name\":\"Adria Future Summit v Tivtu: Od regionalnega dialoga do konkretnih projektov - The Region\",\"isPartOf\":{\"@id\":\"https:\\\/\\\/connectingregion.com\\\/#website\"},\"primaryImageOfPage\":{\"@id\":\"https:\\\/\\\/connectingregion.com\\\/sl\\\/novice\\\/adria-future-summit-v-tivtu-od-regionalnega-dialoga-do-konkretnih-projektov\\\/#primaryimage\"},\"image\":{\"@id\":\"https:\\\/\\\/connectingregion.com\\\/sl\\\/novice\\\/adria-future-summit-v-tivtu-od-regionalnega-dialoga-do-konkretnih-projektov\\\/#primaryimage\"},\"thumbnailUrl\":\"https:\\\/\\\/connectingregion.com\\\/wp-content\\\/uploads\\\/2026\\\/04\\\/Adria-Future-Summit-in-Tivat-5.jpg\",\"datePublished\":\"2026-04-27T09:12:02+00:00\",\"dateModified\":\"2026-04-27T10:30:01+00:00\",\"breadcrumb\":{\"@id\":\"https:\\\/\\\/connectingregion.com\\\/sl\\\/novice\\\/adria-future-summit-v-tivtu-od-regionalnega-dialoga-do-konkretnih-projektov\\\/#breadcrumb\"},\"inLanguage\":\"sl-SI\",\"potentialAction\":[{\"@type\":\"ReadAction\",\"target\":[\"https:\\\/\\\/connectingregion.com\\\/sl\\\/novice\\\/adria-future-summit-v-tivtu-od-regionalnega-dialoga-do-konkretnih-projektov\\\/\"]}]},{\"@type\":\"ImageObject\",\"inLanguage\":\"sl-SI\",\"@id\":\"https:\\\/\\\/connectingregion.com\\\/sl\\\/novice\\\/adria-future-summit-v-tivtu-od-regionalnega-dialoga-do-konkretnih-projektov\\\/#primaryimage\",\"url\":\"https:\\\/\\\/connectingregion.com\\\/wp-content\\\/uploads\\\/2026\\\/04\\\/Adria-Future-Summit-in-Tivat-5.jpg\",\"contentUrl\":\"https:\\\/\\\/connectingregion.com\\\/wp-content\\\/uploads\\\/2026\\\/04\\\/Adria-Future-Summit-in-Tivat-5.jpg\",\"width\":1200,\"height\":800},{\"@type\":\"BreadcrumbList\",\"@id\":\"https:\\\/\\\/connectingregion.com\\\/sl\\\/novice\\\/adria-future-summit-v-tivtu-od-regionalnega-dialoga-do-konkretnih-projektov\\\/#breadcrumb\",\"itemListElement\":[{\"@type\":\"ListItem\",\"position\":1,\"name\":\"Home\",\"item\":\"https:\\\/\\\/connectingregion.com\\\/sl\\\/\"},{\"@type\":\"ListItem\",\"position\":2,\"name\":\"Adria Future Summit v Tivtu: Od regionalnega dialoga do konkretnih projektov\"}]},{\"@type\":\"WebSite\",\"@id\":\"https:\\\/\\\/connectingregion.com\\\/#website\",\"url\":\"https:\\\/\\\/connectingregion.com\\\/\",\"name\":\"The Region\",\"description\":\"Regional ties: Officials &amp; leaders unite for tomorrow\",\"publisher\":{\"@id\":\"https:\\\/\\\/connectingregion.com\\\/#organization\"},\"potentialAction\":[{\"@type\":\"SearchAction\",\"target\":{\"@type\":\"EntryPoint\",\"urlTemplate\":\"https:\\\/\\\/connectingregion.com\\\/?s={search_term_string}\"},\"query-input\":{\"@type\":\"PropertyValueSpecification\",\"valueRequired\":true,\"valueName\":\"search_term_string\"}}],\"inLanguage\":\"sl-SI\"},{\"@type\":\"Organization\",\"@id\":\"https:\\\/\\\/connectingregion.com\\\/#organization\",\"name\":\"The Region\",\"url\":\"https:\\\/\\\/connectingregion.com\\\/\",\"logo\":{\"@type\":\"ImageObject\",\"inLanguage\":\"sl-SI\",\"@id\":\"https:\\\/\\\/connectingregion.com\\\/#\\\/schema\\\/logo\\\/image\\\/\",\"url\":\"https:\\\/\\\/connectingregion.com\\\/wp-content\\\/uploads\\\/2023\\\/10\\\/cropped-Artboard-2.jpg\",\"contentUrl\":\"https:\\\/\\\/connectingregion.com\\\/wp-content\\\/uploads\\\/2023\\\/10\\\/cropped-Artboard-2.jpg\",\"width\":512,\"height\":512,\"caption\":\"The Region\"},\"image\":{\"@id\":\"https:\\\/\\\/connectingregion.com\\\/#\\\/schema\\\/logo\\\/image\\\/\"},\"sameAs\":[\"https:\\\/\\\/x.com\\\/connectregion\",\"https:\\\/\\\/www.linkedin.com\\\/company\\\/connectregion\\\/\",\"https:\\\/\\\/www.instagram.com\\\/connectregion\\\/\"]},{\"@type\":\"Person\",\"@id\":\"https:\\\/\\\/connectingregion.com\\\/#\\\/schema\\\/person\\\/de13a9eaa84fab489c5d2c6acff922b2\",\"name\":\"Jovan\",\"image\":{\"@type\":\"ImageObject\",\"inLanguage\":\"sl-SI\",\"@id\":\"https:\\\/\\\/connectingregion.com\\\/wp-content\\\/uploads\\\/2023\\\/10\\\/cropped-Cord-favicon-1-96x96.png\",\"url\":\"https:\\\/\\\/connectingregion.com\\\/wp-content\\\/uploads\\\/2023\\\/10\\\/cropped-Cord-favicon-1-96x96.png\",\"contentUrl\":\"https:\\\/\\\/connectingregion.com\\\/wp-content\\\/uploads\\\/2023\\\/10\\\/cropped-Cord-favicon-1-96x96.png\",\"caption\":\"Jovan\"},\"url\":\"https:\\\/\\\/connectingregion.com\\\/sl\\\/author\\\/jovan\\\/\"}]}<\/script>\n<!-- \/ Yoast SEO plugin. -->","yoast_head_json":{"title":"Adria Future Summit v Tivtu: Od regionalnega dialoga do konkretnih projektov - The Region","robots":{"index":"index","follow":"follow","max-snippet":"max-snippet:-1","max-image-preview":"max-image-preview:large","max-video-preview":"max-video-preview:-1"},"canonical":"https:\/\/connectingregion.com\/sl\/novice\/adria-future-summit-v-tivtu-od-regionalnega-dialoga-do-konkretnih-projektov\/","og_locale":"sl_SI","og_type":"article","og_title":"Adria Future Summit v Tivtu: Od regionalnega dialoga do konkretnih projektov - The Region","og_description":"Z ve\u010d kot 70 sejami in visokoprofilnimi udele\u017eenci, med katerimi so bili Milojko Spaji\u0107, Mohamed Alabbar, Annette Kroeber-Riel, Cherie Blair in Manfredi Lefebvre d\u2019Ovidio, je summit poslal jasno sporo\u010dilo: regija mora v vse zahtevnej\u0161em globalnem okolju ukrepati odlo\u010dno. Na otvoritvi je Biljana Braithwaite poudarila, da platforma obstaja zato, da lahko regija \u00bbspregovori sama zase in [&hellip;]","og_url":"https:\/\/connectingregion.com\/sl\/novice\/adria-future-summit-v-tivtu-od-regionalnega-dialoga-do-konkretnih-projektov\/","og_site_name":"The Region","article_published_time":"2026-04-27T09:12:02+00:00","article_modified_time":"2026-04-27T10:30:01+00:00","og_image":[{"width":1200,"height":800,"url":"https:\/\/connectingregion.com\/wp-content\/uploads\/2026\/04\/Adria-Future-Summit-in-Tivat-5.jpg","type":"image\/jpeg"}],"author":"Jovan","twitter_card":"summary_large_image","twitter_creator":"@connectregion","twitter_site":"@connectregion","twitter_misc":{"Written by":"Jovan","Est. reading time":"5 minut"},"schema":{"@context":"https:\/\/schema.org","@graph":[{"@type":"Article","@id":"https:\/\/connectingregion.com\/sl\/novice\/adria-future-summit-v-tivtu-od-regionalnega-dialoga-do-konkretnih-projektov\/#article","isPartOf":{"@id":"https:\/\/connectingregion.com\/sl\/novice\/adria-future-summit-v-tivtu-od-regionalnega-dialoga-do-konkretnih-projektov\/"},"author":{"name":"Jovan","@id":"https:\/\/connectingregion.com\/#\/schema\/person\/de13a9eaa84fab489c5d2c6acff922b2"},"headline":"Adria Future Summit v Tivtu: Od regionalnega dialoga do konkretnih projektov","datePublished":"2026-04-27T09:12:02+00:00","dateModified":"2026-04-27T10:30:01+00:00","mainEntityOfPage":{"@id":"https:\/\/connectingregion.com\/sl\/novice\/adria-future-summit-v-tivtu-od-regionalnega-dialoga-do-konkretnih-projektov\/"},"wordCount":770,"publisher":{"@id":"https:\/\/connectingregion.com\/#organization"},"image":{"@id":"https:\/\/connectingregion.com\/sl\/novice\/adria-future-summit-v-tivtu-od-regionalnega-dialoga-do-konkretnih-projektov\/#primaryimage"},"thumbnailUrl":"https:\/\/connectingregion.com\/wp-content\/uploads\/2026\/04\/Adria-Future-Summit-in-Tivat-5.jpg","keywords":["Adria Future Summit","Ana Nov\u010di\u0107","Annette Kroeber-Riel","Cherie Blair","Davor Kunc","Manfredi Lefebvre d\u2019Ovidio","Milojko Spaji\u0107","Mohamed Alabbar","Tivat"],"articleSection":["\u010crna Gora","Dogodki","Novice"],"inLanguage":"sl-SI"},{"@type":"WebPage","@id":"https:\/\/connectingregion.com\/sl\/novice\/adria-future-summit-v-tivtu-od-regionalnega-dialoga-do-konkretnih-projektov\/","url":"https:\/\/connectingregion.com\/sl\/novice\/adria-future-summit-v-tivtu-od-regionalnega-dialoga-do-konkretnih-projektov\/","name":"Adria Future Summit v Tivtu: Od regionalnega dialoga do konkretnih projektov - The Region","isPartOf":{"@id":"https:\/\/connectingregion.com\/#website"},"primaryImageOfPage":{"@id":"https:\/\/connectingregion.com\/sl\/novice\/adria-future-summit-v-tivtu-od-regionalnega-dialoga-do-konkretnih-projektov\/#primaryimage"},"image":{"@id":"https:\/\/connectingregion.com\/sl\/novice\/adria-future-summit-v-tivtu-od-regionalnega-dialoga-do-konkretnih-projektov\/#primaryimage"},"thumbnailUrl":"https:\/\/connectingregion.com\/wp-content\/uploads\/2026\/04\/Adria-Future-Summit-in-Tivat-5.jpg","datePublished":"2026-04-27T09:12:02+00:00","dateModified":"2026-04-27T10:30:01+00:00","breadcrumb":{"@id":"https:\/\/connectingregion.com\/sl\/novice\/adria-future-summit-v-tivtu-od-regionalnega-dialoga-do-konkretnih-projektov\/#breadcrumb"},"inLanguage":"sl-SI","potentialAction":[{"@type":"ReadAction","target":["https:\/\/connectingregion.com\/sl\/novice\/adria-future-summit-v-tivtu-od-regionalnega-dialoga-do-konkretnih-projektov\/"]}]},{"@type":"ImageObject","inLanguage":"sl-SI","@id":"https:\/\/connectingregion.com\/sl\/novice\/adria-future-summit-v-tivtu-od-regionalnega-dialoga-do-konkretnih-projektov\/#primaryimage","url":"https:\/\/connectingregion.com\/wp-content\/uploads\/2026\/04\/Adria-Future-Summit-in-Tivat-5.jpg","contentUrl":"https:\/\/connectingregion.com\/wp-content\/uploads\/2026\/04\/Adria-Future-Summit-in-Tivat-5.jpg","width":1200,"height":800},{"@type":"BreadcrumbList","@id":"https:\/\/connectingregion.com\/sl\/novice\/adria-future-summit-v-tivtu-od-regionalnega-dialoga-do-konkretnih-projektov\/#breadcrumb","itemListElement":[{"@type":"ListItem","position":1,"name":"Home","item":"https:\/\/connectingregion.com\/sl\/"},{"@type":"ListItem","position":2,"name":"Adria Future Summit v Tivtu: Od regionalnega dialoga do konkretnih projektov"}]},{"@type":"WebSite","@id":"https:\/\/connectingregion.com\/#website","url":"https:\/\/connectingregion.com\/","name":"The Region","description":"Regional ties: Officials &amp; leaders unite for tomorrow","publisher":{"@id":"https:\/\/connectingregion.com\/#organization"},"potentialAction":[{"@type":"SearchAction","target":{"@type":"EntryPoint","urlTemplate":"https:\/\/connectingregion.com\/?s={search_term_string}"},"query-input":{"@type":"PropertyValueSpecification","valueRequired":true,"valueName":"search_term_string"}}],"inLanguage":"sl-SI"},{"@type":"Organization","@id":"https:\/\/connectingregion.com\/#organization","name":"The Region","url":"https:\/\/connectingregion.com\/","logo":{"@type":"ImageObject","inLanguage":"sl-SI","@id":"https:\/\/connectingregion.com\/#\/schema\/logo\/image\/","url":"https:\/\/connectingregion.com\/wp-content\/uploads\/2023\/10\/cropped-Artboard-2.jpg","contentUrl":"https:\/\/connectingregion.com\/wp-content\/uploads\/2023\/10\/cropped-Artboard-2.jpg","width":512,"height":512,"caption":"The Region"},"image":{"@id":"https:\/\/connectingregion.com\/#\/schema\/logo\/image\/"},"sameAs":["https:\/\/x.com\/connectregion","https:\/\/www.linkedin.com\/company\/connectregion\/","https:\/\/www.instagram.com\/connectregion\/"]},{"@type":"Person","@id":"https:\/\/connectingregion.com\/#\/schema\/person\/de13a9eaa84fab489c5d2c6acff922b2","name":"Jovan","image":{"@type":"ImageObject","inLanguage":"sl-SI","@id":"https:\/\/connectingregion.com\/wp-content\/uploads\/2023\/10\/cropped-Cord-favicon-1-96x96.png","url":"https:\/\/connectingregion.com\/wp-content\/uploads\/2023\/10\/cropped-Cord-favicon-1-96x96.png","contentUrl":"https:\/\/connectingregion.com\/wp-content\/uploads\/2023\/10\/cropped-Cord-favicon-1-96x96.png","caption":"Jovan"},"url":"https:\/\/connectingregion.com\/sl\/author\/jovan\/"}]}},"_links":{"self":[{"href":"https:\/\/connectingregion.com\/sl\/wp-json\/wp\/v2\/posts\/35273","targetHints":{"allow":["GET"]}}],"collection":[{"href":"https:\/\/connectingregion.com\/sl\/wp-json\/wp\/v2\/posts"}],"about":[{"href":"https:\/\/connectingregion.com\/sl\/wp-json\/wp\/v2\/types\/post"}],"author":[{"embeddable":true,"href":"https:\/\/connectingregion.com\/sl\/wp-json\/wp\/v2\/users\/4"}],"replies":[{"embeddable":true,"href":"https:\/\/connectingregion.com\/sl\/wp-json\/wp\/v2\/comments?post=35273"}],"version-history":[{"count":7,"href":"https:\/\/connectingregion.com\/sl\/wp-json\/wp\/v2\/posts\/35273\/revisions"}],"predecessor-version":[{"id":35394,"href":"https:\/\/connectingregion.com\/sl\/wp-json\/wp\/v2\/posts\/35273\/revisions\/35394"}],"wp:featuredmedia":[{"embeddable":true,"href":"https:\/\/connectingregion.com\/sl\/wp-json\/wp\/v2\/media\/35254"}],"wp:attachment":[{"href":"https:\/\/connectingregion.com\/sl\/wp-json\/wp\/v2\/media?parent=35273"}],"wp:term":[{"taxonomy":"category","embeddable":true,"href":"https:\/\/connectingregion.com\/sl\/wp-json\/wp\/v2\/categories?post=35273"},{"taxonomy":"post_tag","embeddable":true,"href":"https:\/\/connectingregion.com\/sl\/wp-json\/wp\/v2\/tags?post=35273"}],"curies":[{"name":"wp","href":"https:\/\/api.w.org\/{rel}","templated":true}]}}