{"id":35496,"date":"2026-04-28T16:02:30","date_gmt":"2026-04-28T14:02:30","guid":{"rendered":"https:\/\/connectingregion.com\/?p=35496"},"modified":"2026-04-29T01:20:19","modified_gmt":"2026-04-28T23:20:19","slug":"crnogorski-sin-koji-je-doveo-aljasku-do-drzavnosti","status":"publish","type":"post","link":"https:\/\/connectingregion.com\/me\/crna-gora\/crnogorski-sin-koji-je-doveo-aljasku-do-drzavnosti\/","title":{"rendered":"Crnogorski sin doveo Aljasku do dr\u017eavnosti"},"content":{"rendered":"\n<p class=\"td-paragraph-padding-1 uvod\">Sin migranata sa Balkana bio je posljednji teritorijalni guverner Aljaske i pomogao da postane savezna dr\u017eava<\/p>\n\n\n\n<p class=\"has-drop-cap dropcapp2\">Ova pri\u010da po\u010dinje u Risnu. Iz tog malog mjesta na obali Bokokotorskog zaliva, Marko \u201eMudri Majk\u201c Stepovi\u0107 krenuo je put Amerike u doba zlatne groznice, gde je postao rudar na Aljasci, zemlji jednako surovoj kao crnogorski kr\u0161, ali hladnijoj i nemilosrdnijoj.<\/p>\n\n\n<div class=\"wp-block-image\">\n<figure class=\"alignright size-full is-resized\"><img loading=\"lazy\" decoding=\"async\" width=\"1082\" height=\"1454\" src=\"https:\/\/connectingregion.com\/wp-content\/uploads\/2026\/04\/Michael-Anthony-Stepovich-family.jpg\" alt=\"\" class=\"wp-image-35480\" style=\"aspect-ratio:0.7441617402096874;width:396px;height:auto\" srcset=\"https:\/\/connectingregion.com\/wp-content\/uploads\/2026\/04\/Michael-Anthony-Stepovich-family.jpg 1082w, https:\/\/connectingregion.com\/wp-content\/uploads\/2026\/04\/Michael-Anthony-Stepovich-family-223x300.jpg 223w, https:\/\/connectingregion.com\/wp-content\/uploads\/2026\/04\/Michael-Anthony-Stepovich-family-762x1024.jpg 762w, https:\/\/connectingregion.com\/wp-content\/uploads\/2026\/04\/Michael-Anthony-Stepovich-family-768x1032.jpg 768w, https:\/\/connectingregion.com\/wp-content\/uploads\/2026\/04\/Michael-Anthony-Stepovich-family-313x420.jpg 313w, https:\/\/connectingregion.com\/wp-content\/uploads\/2026\/04\/Michael-Anthony-Stepovich-family-150x202.jpg 150w, https:\/\/connectingregion.com\/wp-content\/uploads\/2026\/04\/Michael-Anthony-Stepovich-family-300x403.jpg 300w, https:\/\/connectingregion.com\/wp-content\/uploads\/2026\/04\/Michael-Anthony-Stepovich-family-696x935.jpg 696w, https:\/\/connectingregion.com\/wp-content\/uploads\/2026\/04\/Michael-Anthony-Stepovich-family-1068x1435.jpg 1068w\" sizes=\"auto, (max-width: 1082px) 100vw, 1082px\" \/><figcaption class=\"wp-element-caption\">Majk sa svojom porodicom, uklju\u010duju\u0107i Vuku, Ellen, Nadu, Mi\u0161a i Aleksa Stepovi\u0107a; oko 1944. godine. Ova fotografija je napravljena neposredno prije nego \u0161to je Majk preminuo.<br>Fotografija ljubazno\u0161\u0107u Nika Stepovi\u0107a<\/figcaption><\/figure>\n<\/div>\n\n\n<p>Njegov sin, <strong>Majkl Entoni Stepovich<\/strong>, ro\u0111en je 1919. godine u Ferbenksu. \u010cetiri decenije kasnije na\u0107i\u0107e se na jednoj od prelomnih ta\u010daka ameri\u010dke politi\u010dke istorije: trenutku kada je Aljaska prestala da bude teritorija i postala 49. savezna dr\u017eava Sjedinjenih Ameri\u010dkih Dr\u017eava.<\/p>\n\n\n\n<p>Majk Stepovich bio je posljednji teritorijalni guverner Aljaske. Istovremeno, bio je sin crnogorskog iseljenika. Ove dvije \u010dinjenice su nas inspirisale da napi\u0161emo pri\u010du o migraciji, ambiciji i identitetu.<\/p>\n\n\n\n<p class=\"naslov\"><strong>Porodica sa granice<\/strong><\/p>\n\n\n\n<p>Porodi\u010dna pri\u010da Stepovi\u0107a je raznolika kao mapa njihovog kretanja. Njegov otac do\u0161ao je iz Crne Gore. Majka, Olga Bari\u010devi\u0107, poticala je iz Hrvatske, sa Bra\u010da. Aljaska, gdje je Majk ro\u0111en, tada je jo\u0161 bila teritorija, surovo i udaljeno mjesto prete\u017eno naseljeno rudarima, trgovcima, vojnicima i drugima koji su bili spremni za \u017eivot daleko od izvjesnosti.<\/p>\n\n\n\n<p>Roditelji su mu se razi\u0161li dok je jo\u0161 bio dijete, pa je odrastao uglavnom u Portlandu. Ipak, Aljaska \u0107e definisati njegov javni \u017eivot. Nakon studija na Gonzaga univerzitetu i pravnog obrazovanja na Notr Damu, slu\u017eio je u ameri\u010dkoj mornarici tokom Drugog svjetskog rata. Godine 1947. vra\u0107a se u Ferbenks, gde gradi advokatsku karijeru i tad ulazi u politiku.<\/p>\n\n\n<div class=\"wp-block-image\">\n<figure class=\"alignleft size-full is-resized\"><img loading=\"lazy\" decoding=\"async\" width=\"500\" height=\"730\" src=\"https:\/\/connectingregion.com\/wp-content\/uploads\/2026\/04\/Michael-Anthony-Stepovich-2.jpg\" alt=\"\" class=\"wp-image-35490\" style=\"aspect-ratio:0.6849435566632459;width:428px;height:auto\" srcset=\"https:\/\/connectingregion.com\/wp-content\/uploads\/2026\/04\/Michael-Anthony-Stepovich-2.jpg 500w, https:\/\/connectingregion.com\/wp-content\/uploads\/2026\/04\/Michael-Anthony-Stepovich-2-205x300.jpg 205w, https:\/\/connectingregion.com\/wp-content\/uploads\/2026\/04\/Michael-Anthony-Stepovich-2-288x420.jpg 288w, https:\/\/connectingregion.com\/wp-content\/uploads\/2026\/04\/Michael-Anthony-Stepovich-2-150x219.jpg 150w, https:\/\/connectingregion.com\/wp-content\/uploads\/2026\/04\/Michael-Anthony-Stepovich-2-300x438.jpg 300w\" sizes=\"auto, (max-width: 500px) 100vw, 500px\" \/><figcaption class=\"wp-element-caption\">9. jun 1958. godine, naslovna strana \u010dasopisa <em>Time<\/em> na kojoj je Majk Stepovi\u010d II; ljubazno\u0161\u0107u Nika Stepovi\u0107a<\/figcaption><\/figure>\n<\/div>\n\n\n<p>Napredovao je brzo. Teritorijalna skup\u0161tina. Senat. Lider manjine. A zatim, 1957. godine, tada\u0161nji predsjednik Dvajt Ajzenhauer imenuje ga za guvernera Teritorije Aljaske.<\/p>\n\n\n\n<p>Imao je samo 38 godina. Njegovo imenovanje nosilo je simboliku: mlad, ro\u0111en na Aljasci, sa korijenima u migrantskoj porodici koja je utjelovljavala duh potrage za boljim \u017eivotom van granica zemlje iz koje dolazi. Ipak, njegova stvarna va\u017enost le\u017eala je u pravom trenutku, jer na vlast dolazi kada pitanje dr\u017eavnosti vi\u0161e nije teorijsko. Bilo je hitno i politi\u010dki odlu\u010duju\u0107e.<\/p>\n\n\n\n<p class=\"naslov\"><strong>Posljednji \u010dovjek prije stvaranja dr\u017eave<\/strong><\/p>\n\n\n\n<p>Aljaska je decenijama poku\u0161avala da postane savezna dr\u017eava. Njeni stanovnici tra\u017eili su politi\u010dka prava, reprezentaciju i kontrolu nad sopstvenom budu\u0107no\u0161\u0107u. U Va\u0161ingtonu su i dalje vidjeli tro\u0161ak i rizik.<\/p>\n\n\n\n<p>Zadatak Stepovicha bio je da taj jaz zatvori. Putovao je \u0161irom Sjedinjenih Dr\u017eava, davao intervjue, dr\u017eao govore i obja\u0161njavao da Aljaska nije samo udaljena teritorija, ve\u0107 funkcionalno dru\u0161tvo sa zna\u010dajem. U kontekstu Hladnog rata, taj argument je dobio dodatnu te\u017einu. Blizina Sovjetskog Saveza pretvorila je Aljasku u strate\u0161ku ta\u010dku.<\/p>\n\n\n\n<p>Godine 1958., kada je Kongres usvojio Zakon o dr\u017eavnosti Aljaske, Stepovich je tog dana bio u galeriji Predstavni\u010dkog doma. Ova odluka, dodu\u0161e kao rezultat anga\u017eovanja mnogih ljudi, ipak je Stepovicha stavila u prvi plan kao najzaslu\u017enijeg.<\/p>\n\n\n\n<p>Predsjednik Ajzenhauer potpisao je zakon 7. jula 1958. godine. Aljaska je zvani\u010dno postala savezna dr\u017eava 3. januara 1959.<\/p>\n\n\n<div class=\"wp-block-image\">\n<figure class=\"aligncenter size-full\"><img loading=\"lazy\" decoding=\"async\" width=\"1024\" height=\"683\" src=\"https:\/\/connectingregion.com\/wp-content\/uploads\/2026\/04\/Michael-Anthony-Stepovich-Celebrating_alaska_statehood-1.jpg\" alt=\"\" class=\"wp-image-35484\" srcset=\"https:\/\/connectingregion.com\/wp-content\/uploads\/2026\/04\/Michael-Anthony-Stepovich-Celebrating_alaska_statehood-1.jpg 1024w, https:\/\/connectingregion.com\/wp-content\/uploads\/2026\/04\/Michael-Anthony-Stepovich-Celebrating_alaska_statehood-1-300x200.jpg 300w, https:\/\/connectingregion.com\/wp-content\/uploads\/2026\/04\/Michael-Anthony-Stepovich-Celebrating_alaska_statehood-1-768x512.jpg 768w, https:\/\/connectingregion.com\/wp-content\/uploads\/2026\/04\/Michael-Anthony-Stepovich-Celebrating_alaska_statehood-1-630x420.jpg 630w, https:\/\/connectingregion.com\/wp-content\/uploads\/2026\/04\/Michael-Anthony-Stepovich-Celebrating_alaska_statehood-1-150x100.jpg 150w, https:\/\/connectingregion.com\/wp-content\/uploads\/2026\/04\/Michael-Anthony-Stepovich-Celebrating_alaska_statehood-1-696x464.jpg 696w\" sizes=\"auto, (max-width: 1024px) 100vw, 1024px\" \/><figcaption class=\"wp-element-caption\">Delegacija slavi dr\u017eavnost Aljaske poziraju\u0107i ispred zastave sa 49 zvjezdica. Identifikovani su: predstavnik Ralf Rivers (krajnje lijevo), ameri\u010dki sekretar za unutra\u0161nje poslove Fred Siton (pored Riversa, sa rukama uz tijelo), Ernest Gruning (ispod zastave), Bob Bartlet (pored Gruninga u svijetlom odijelu), Bob Atvud (dr\u017ei zastavu), Majk Stepovi\u010d (drugi s desne strane) i Vejno Hendrikson (krajnje desno). Autor: Rou, Ebi Doprinos: Nacionalna slu\u017eba parkova Fotografija iz zbirke Ernesta H. Gruninga, 1914\u2013[1959\u20131969], 1974.<\/figcaption><\/figure>\n<\/div>\n\n\n<p>Do tada, Stepovich je ve\u0107 podnio ostavku kako bi se kandidovao za Senat. Izgubio je. Kasnije je poku\u0161ao da postane guverner nove dr\u017eave. Ponovo je izgubio. Politika rijetko nagra\u0111uje one koji zatvaraju jedno poglavlje, a ne otvaraju sljede\u0107e.<\/p>\n\n\n\n<p>Svakako da je pri\u010da o Stepovichu va\u017ena jer pripada i Crnoj Gori, ne samo Aljasci. Njegov otac iz Risna bio je dio \u0161ireg talasa iseljenika sa Balkana, ljudi koji su odlazili u rudnike, luke i industrijske gradove, grade\u0107i \u017eivote daleko od doma. Ve\u0107ina je ostala anonimna. Neki su uspjeli. Rijetki su u\u0161li u politiku.<\/p>\n\n\n<div class=\"wp-block-image\">\n<figure class=\"alignright size-large is-resized\"><img loading=\"lazy\" decoding=\"async\" width=\"826\" height=\"1024\" src=\"https:\/\/connectingregion.com\/wp-content\/uploads\/2026\/04\/Michael-Anthony-Stepovich-1-826x1024.jpg\" alt=\"\" class=\"wp-image-35482\" style=\"aspect-ratio:0.8066597572799304;width:370px;height:auto\" srcset=\"https:\/\/connectingregion.com\/wp-content\/uploads\/2026\/04\/Michael-Anthony-Stepovich-1-826x1024.jpg 826w, https:\/\/connectingregion.com\/wp-content\/uploads\/2026\/04\/Michael-Anthony-Stepovich-1-242x300.jpg 242w, https:\/\/connectingregion.com\/wp-content\/uploads\/2026\/04\/Michael-Anthony-Stepovich-1-768x952.jpg 768w, https:\/\/connectingregion.com\/wp-content\/uploads\/2026\/04\/Michael-Anthony-Stepovich-1-339x420.jpg 339w, https:\/\/connectingregion.com\/wp-content\/uploads\/2026\/04\/Michael-Anthony-Stepovich-1-150x186.jpg 150w, https:\/\/connectingregion.com\/wp-content\/uploads\/2026\/04\/Michael-Anthony-Stepovich-1-300x372.jpg 300w, https:\/\/connectingregion.com\/wp-content\/uploads\/2026\/04\/Michael-Anthony-Stepovich-1-696x863.jpg 696w, https:\/\/connectingregion.com\/wp-content\/uploads\/2026\/04\/Michael-Anthony-Stepovich-1.jpg 960w\" sizes=\"auto, (max-width: 826px) 100vw, 826px\" \/><\/figure>\n<\/div>\n\n\n<p>Majk Stepovich stigao je do pozicije koja je bila izuzetna za sina jednog iseljenika. Upravljao je teritorijom ve\u0107om od mnogih evropskih dr\u017eava.&nbsp;<\/p>\n\n\n\n<p>Njegovo ime vezuje se za nastanak moderne Aljaske. To je bio na\u0161 povod koji nas je vodio da ispri\u010damo ovu pri\u010du za koju mnogi ne znaju &#8211; crnogorsko porijeklo utkano je u politi\u010dku geografiju Sjedinjenih Dr\u017eava.<\/p>\n\n\n\n<p>Njegov kasniji \u017eivot bio je mirniji, ali ne i bez zna\u010daja. Vratio se advokaturi, ostao vezan za Aljasku i sa suprugom Matildom Bari\u010devi\u0107 imao porodicu sa trinaestoro djece. Njegova porodica kasnije se povezala i sa sportskom istorijom kroz zeta D\u017eona Stoktona.<\/p>\n\n\n\n<p>Do\u017eivio je da vidi kako Aljaska postaje stabilna dr\u017eava sa globalnim zna\u010dajem, energetskim resursima i politi\u010dkom te\u017einom.<\/p>\n\n\n\n<p>Preminuo je 2014. godine, u 94. godini.<\/p>\n\n\n\n<p>\u010cesto se pri\u010de o odlasku posmatraju kao neka vrsta gubitka. Stepovich nas navodi da gledamo na njegovu pri\u010du iz druga\u010dijeg ugla. Jedan \u010dovjek napu\u0161ta Risan. Njegov sin postaje guverner Aljaske. Taj sin u\u010destvuje u transformaciji teritorije u saveznu dr\u017eavu.\u00a0<\/p>\n\n\n\n<p>Majk Stepovich zaslu\u017euje mjesto u istoriji Aljaske. I zaslu\u017euje mjesto u sje\u0107anju Crne Gore. Jer njegova pri\u010da nije samo o ameri\u010dkoj sjevernoj granici. Ona govori dokle mo\u017ee sti\u0107i jedno crnogorsko ime i kako mo\u017ee ostaviti trag u istoriji.<\/p>\n\n\n\n<p><\/p>\n","protected":false},"excerpt":{"rendered":"<p>Sin migranata sa Balkana bio je posljednji teritorijalni guverner Aljaske i pomogao da postane savezna dr\u017eava Ova pri\u010da po\u010dinje u Risnu. Iz tog malog mjesta na obali Bokokotorskog zaliva, Marko \u201eMudri Majk\u201c Stepovi\u0107 krenuo je put Amerike u doba zlatne groznice, gde je postao rudar na Aljasci, zemlji jednako surovoj kao crnogorski kr\u0161, ali hladnijoj [&hellip;]<\/p>\n","protected":false},"author":4,"featured_media":35483,"comment_status":"closed","ping_status":"closed","sticky":false,"template":"","format":"standard","meta":{"footnotes":""},"categories":[3655,3645,3681],"tags":[4283,4277],"class_list":{"0":"post-35496","1":"post","2":"type-post","3":"status-publish","4":"format-standard","5":"has-post-thumbnail","7":"category-crna-gora","8":"category-istaknuto","9":"category-svet","10":"tag-aljaska","11":"tag-majkl-entoni-stepovic"},"td_post_theme_settings":{"td_post_template":"tdb_template_35498","td_primary_cat":"3655"},"yoast_head":"<!-- This site is optimized with the Yoast SEO plugin v27.5 - https:\/\/yoast.com\/product\/yoast-seo-wordpress\/ -->\n<title>Crnogorski sin doveo Aljasku do dr\u017eavnosti - The Region<\/title>\n<meta name=\"robots\" content=\"index, follow, max-snippet:-1, max-image-preview:large, max-video-preview:-1\" \/>\n<link rel=\"canonical\" href=\"https:\/\/connectingregion.com\/me\/crna-gora\/crnogorski-sin-koji-je-doveo-aljasku-do-drzavnosti\/\" \/>\n<meta property=\"og:locale\" content=\"en_US\" \/>\n<meta property=\"og:type\" content=\"article\" \/>\n<meta property=\"og:title\" content=\"Crnogorski sin doveo Aljasku do dr\u017eavnosti - The Region\" \/>\n<meta property=\"og:description\" content=\"Sin migranata sa Balkana bio je posljednji teritorijalni guverner Aljaske i pomogao da postane savezna dr\u017eava Ova pri\u010da po\u010dinje u Risnu. Iz tog malog mjesta na obali Bokokotorskog zaliva, Marko \u201eMudri Majk\u201c Stepovi\u0107 krenuo je put Amerike u doba zlatne groznice, gde je postao rudar na Aljasci, zemlji jednako surovoj kao crnogorski kr\u0161, ali hladnijoj [&hellip;]\" \/>\n<meta property=\"og:url\" content=\"https:\/\/connectingregion.com\/me\/crna-gora\/crnogorski-sin-koji-je-doveo-aljasku-do-drzavnosti\/\" \/>\n<meta property=\"og:site_name\" content=\"The Region\" \/>\n<meta property=\"article:published_time\" content=\"2026-04-28T14:02:30+00:00\" \/>\n<meta property=\"article:modified_time\" content=\"2026-04-28T23:20:19+00:00\" \/>\n<meta property=\"og:image\" content=\"https:\/\/connectingregion.com\/wp-content\/uploads\/2026\/04\/Michael-Anthony-Stepovich-main.jpg\" \/>\n\t<meta property=\"og:image:width\" content=\"1535\" \/>\n\t<meta property=\"og:image:height\" content=\"1025\" \/>\n\t<meta property=\"og:image:type\" content=\"image\/jpeg\" \/>\n<meta name=\"author\" content=\"Jovan\" \/>\n<meta name=\"twitter:card\" content=\"summary_large_image\" \/>\n<meta name=\"twitter:creator\" content=\"@connectregion\" \/>\n<meta name=\"twitter:site\" content=\"@connectregion\" \/>\n<meta name=\"twitter:label1\" content=\"Written by\" \/>\n\t<meta name=\"twitter:data1\" content=\"Jovan\" \/>\n\t<meta name=\"twitter:label2\" content=\"Est. reading time\" \/>\n\t<meta name=\"twitter:data2\" content=\"5 minutes\" \/>\n<script type=\"application\/ld+json\" class=\"yoast-schema-graph\">{\"@context\":\"https:\\\/\\\/schema.org\",\"@graph\":[{\"@type\":\"Article\",\"@id\":\"https:\\\/\\\/connectingregion.com\\\/me\\\/crna-gora\\\/crnogorski-sin-koji-je-doveo-aljasku-do-drzavnosti\\\/#article\",\"isPartOf\":{\"@id\":\"https:\\\/\\\/connectingregion.com\\\/me\\\/crna-gora\\\/crnogorski-sin-koji-je-doveo-aljasku-do-drzavnosti\\\/\"},\"author\":{\"name\":\"Jovan\",\"@id\":\"https:\\\/\\\/connectingregion.com\\\/#\\\/schema\\\/person\\\/de13a9eaa84fab489c5d2c6acff922b2\"},\"headline\":\"Crnogorski sin doveo Aljasku do dr\u017eavnosti\",\"datePublished\":\"2026-04-28T14:02:30+00:00\",\"dateModified\":\"2026-04-28T23:20:19+00:00\",\"mainEntityOfPage\":{\"@id\":\"https:\\\/\\\/connectingregion.com\\\/me\\\/crna-gora\\\/crnogorski-sin-koji-je-doveo-aljasku-do-drzavnosti\\\/\"},\"wordCount\":969,\"publisher\":{\"@id\":\"https:\\\/\\\/connectingregion.com\\\/#organization\"},\"image\":{\"@id\":\"https:\\\/\\\/connectingregion.com\\\/me\\\/crna-gora\\\/crnogorski-sin-koji-je-doveo-aljasku-do-drzavnosti\\\/#primaryimage\"},\"thumbnailUrl\":\"https:\\\/\\\/connectingregion.com\\\/wp-content\\\/uploads\\\/2026\\\/04\\\/Michael-Anthony-Stepovich-main.jpg\",\"keywords\":[\"Aljaska\",\"Majkl Entoni Stepovi\u0107\"],\"articleSection\":[\"Crna Gora\",\"Istaknuto\",\"Svet\"],\"inLanguage\":\"me-ME\"},{\"@type\":\"WebPage\",\"@id\":\"https:\\\/\\\/connectingregion.com\\\/me\\\/crna-gora\\\/crnogorski-sin-koji-je-doveo-aljasku-do-drzavnosti\\\/\",\"url\":\"https:\\\/\\\/connectingregion.com\\\/me\\\/crna-gora\\\/crnogorski-sin-koji-je-doveo-aljasku-do-drzavnosti\\\/\",\"name\":\"Crnogorski sin doveo Aljasku do dr\u017eavnosti - The Region\",\"isPartOf\":{\"@id\":\"https:\\\/\\\/connectingregion.com\\\/#website\"},\"primaryImageOfPage\":{\"@id\":\"https:\\\/\\\/connectingregion.com\\\/me\\\/crna-gora\\\/crnogorski-sin-koji-je-doveo-aljasku-do-drzavnosti\\\/#primaryimage\"},\"image\":{\"@id\":\"https:\\\/\\\/connectingregion.com\\\/me\\\/crna-gora\\\/crnogorski-sin-koji-je-doveo-aljasku-do-drzavnosti\\\/#primaryimage\"},\"thumbnailUrl\":\"https:\\\/\\\/connectingregion.com\\\/wp-content\\\/uploads\\\/2026\\\/04\\\/Michael-Anthony-Stepovich-main.jpg\",\"datePublished\":\"2026-04-28T14:02:30+00:00\",\"dateModified\":\"2026-04-28T23:20:19+00:00\",\"breadcrumb\":{\"@id\":\"https:\\\/\\\/connectingregion.com\\\/me\\\/crna-gora\\\/crnogorski-sin-koji-je-doveo-aljasku-do-drzavnosti\\\/#breadcrumb\"},\"inLanguage\":\"me-ME\",\"potentialAction\":[{\"@type\":\"ReadAction\",\"target\":[\"https:\\\/\\\/connectingregion.com\\\/me\\\/crna-gora\\\/crnogorski-sin-koji-je-doveo-aljasku-do-drzavnosti\\\/\"]}]},{\"@type\":\"ImageObject\",\"inLanguage\":\"me-ME\",\"@id\":\"https:\\\/\\\/connectingregion.com\\\/me\\\/crna-gora\\\/crnogorski-sin-koji-je-doveo-aljasku-do-drzavnosti\\\/#primaryimage\",\"url\":\"https:\\\/\\\/connectingregion.com\\\/wp-content\\\/uploads\\\/2026\\\/04\\\/Michael-Anthony-Stepovich-main.jpg\",\"contentUrl\":\"https:\\\/\\\/connectingregion.com\\\/wp-content\\\/uploads\\\/2026\\\/04\\\/Michael-Anthony-Stepovich-main.jpg\",\"width\":1535,\"height\":1025},{\"@type\":\"BreadcrumbList\",\"@id\":\"https:\\\/\\\/connectingregion.com\\\/me\\\/crna-gora\\\/crnogorski-sin-koji-je-doveo-aljasku-do-drzavnosti\\\/#breadcrumb\",\"itemListElement\":[{\"@type\":\"ListItem\",\"position\":1,\"name\":\"Home\",\"item\":\"https:\\\/\\\/connectingregion.com\\\/me\\\/bridging-business-across-adria\\\/\"},{\"@type\":\"ListItem\",\"position\":2,\"name\":\"Crnogorski sin doveo Aljasku do dr\u017eavnosti\"}]},{\"@type\":\"WebSite\",\"@id\":\"https:\\\/\\\/connectingregion.com\\\/#website\",\"url\":\"https:\\\/\\\/connectingregion.com\\\/\",\"name\":\"The Region\",\"description\":\"Regional ties: Officials &amp; leaders unite for tomorrow\",\"publisher\":{\"@id\":\"https:\\\/\\\/connectingregion.com\\\/#organization\"},\"potentialAction\":[{\"@type\":\"SearchAction\",\"target\":{\"@type\":\"EntryPoint\",\"urlTemplate\":\"https:\\\/\\\/connectingregion.com\\\/?s={search_term_string}\"},\"query-input\":{\"@type\":\"PropertyValueSpecification\",\"valueRequired\":true,\"valueName\":\"search_term_string\"}}],\"inLanguage\":\"me-ME\"},{\"@type\":\"Organization\",\"@id\":\"https:\\\/\\\/connectingregion.com\\\/#organization\",\"name\":\"The Region\",\"url\":\"https:\\\/\\\/connectingregion.com\\\/\",\"logo\":{\"@type\":\"ImageObject\",\"inLanguage\":\"me-ME\",\"@id\":\"https:\\\/\\\/connectingregion.com\\\/#\\\/schema\\\/logo\\\/image\\\/\",\"url\":\"https:\\\/\\\/connectingregion.com\\\/wp-content\\\/uploads\\\/2023\\\/10\\\/cropped-Artboard-2.jpg\",\"contentUrl\":\"https:\\\/\\\/connectingregion.com\\\/wp-content\\\/uploads\\\/2023\\\/10\\\/cropped-Artboard-2.jpg\",\"width\":512,\"height\":512,\"caption\":\"The Region\"},\"image\":{\"@id\":\"https:\\\/\\\/connectingregion.com\\\/#\\\/schema\\\/logo\\\/image\\\/\"},\"sameAs\":[\"https:\\\/\\\/x.com\\\/connectregion\",\"https:\\\/\\\/www.linkedin.com\\\/company\\\/connectregion\\\/\",\"https:\\\/\\\/www.instagram.com\\\/connectregion\\\/\"]},{\"@type\":\"Person\",\"@id\":\"https:\\\/\\\/connectingregion.com\\\/#\\\/schema\\\/person\\\/de13a9eaa84fab489c5d2c6acff922b2\",\"name\":\"Jovan\",\"image\":{\"@type\":\"ImageObject\",\"inLanguage\":\"me-ME\",\"@id\":\"https:\\\/\\\/connectingregion.com\\\/wp-content\\\/uploads\\\/2023\\\/10\\\/cropped-Cord-favicon-1-96x96.png\",\"url\":\"https:\\\/\\\/connectingregion.com\\\/wp-content\\\/uploads\\\/2023\\\/10\\\/cropped-Cord-favicon-1-96x96.png\",\"contentUrl\":\"https:\\\/\\\/connectingregion.com\\\/wp-content\\\/uploads\\\/2023\\\/10\\\/cropped-Cord-favicon-1-96x96.png\",\"caption\":\"Jovan\"},\"url\":\"https:\\\/\\\/connectingregion.com\\\/me\\\/author\\\/jovan\\\/\"}]}<\/script>\n<!-- \/ Yoast SEO plugin. -->","yoast_head_json":{"title":"Crnogorski sin doveo Aljasku do dr\u017eavnosti - The Region","robots":{"index":"index","follow":"follow","max-snippet":"max-snippet:-1","max-image-preview":"max-image-preview:large","max-video-preview":"max-video-preview:-1"},"canonical":"https:\/\/connectingregion.com\/me\/crna-gora\/crnogorski-sin-koji-je-doveo-aljasku-do-drzavnosti\/","og_locale":"en_US","og_type":"article","og_title":"Crnogorski sin doveo Aljasku do dr\u017eavnosti - The Region","og_description":"Sin migranata sa Balkana bio je posljednji teritorijalni guverner Aljaske i pomogao da postane savezna dr\u017eava Ova pri\u010da po\u010dinje u Risnu. Iz tog malog mjesta na obali Bokokotorskog zaliva, Marko \u201eMudri Majk\u201c Stepovi\u0107 krenuo je put Amerike u doba zlatne groznice, gde je postao rudar na Aljasci, zemlji jednako surovoj kao crnogorski kr\u0161, ali hladnijoj [&hellip;]","og_url":"https:\/\/connectingregion.com\/me\/crna-gora\/crnogorski-sin-koji-je-doveo-aljasku-do-drzavnosti\/","og_site_name":"The Region","article_published_time":"2026-04-28T14:02:30+00:00","article_modified_time":"2026-04-28T23:20:19+00:00","og_image":[{"width":1535,"height":1025,"url":"https:\/\/connectingregion.com\/wp-content\/uploads\/2026\/04\/Michael-Anthony-Stepovich-main.jpg","type":"image\/jpeg"}],"author":"Jovan","twitter_card":"summary_large_image","twitter_creator":"@connectregion","twitter_site":"@connectregion","twitter_misc":{"Written by":"Jovan","Est. reading time":"5 minutes"},"schema":{"@context":"https:\/\/schema.org","@graph":[{"@type":"Article","@id":"https:\/\/connectingregion.com\/me\/crna-gora\/crnogorski-sin-koji-je-doveo-aljasku-do-drzavnosti\/#article","isPartOf":{"@id":"https:\/\/connectingregion.com\/me\/crna-gora\/crnogorski-sin-koji-je-doveo-aljasku-do-drzavnosti\/"},"author":{"name":"Jovan","@id":"https:\/\/connectingregion.com\/#\/schema\/person\/de13a9eaa84fab489c5d2c6acff922b2"},"headline":"Crnogorski sin doveo Aljasku do dr\u017eavnosti","datePublished":"2026-04-28T14:02:30+00:00","dateModified":"2026-04-28T23:20:19+00:00","mainEntityOfPage":{"@id":"https:\/\/connectingregion.com\/me\/crna-gora\/crnogorski-sin-koji-je-doveo-aljasku-do-drzavnosti\/"},"wordCount":969,"publisher":{"@id":"https:\/\/connectingregion.com\/#organization"},"image":{"@id":"https:\/\/connectingregion.com\/me\/crna-gora\/crnogorski-sin-koji-je-doveo-aljasku-do-drzavnosti\/#primaryimage"},"thumbnailUrl":"https:\/\/connectingregion.com\/wp-content\/uploads\/2026\/04\/Michael-Anthony-Stepovich-main.jpg","keywords":["Aljaska","Majkl Entoni Stepovi\u0107"],"articleSection":["Crna Gora","Istaknuto","Svet"],"inLanguage":"me-ME"},{"@type":"WebPage","@id":"https:\/\/connectingregion.com\/me\/crna-gora\/crnogorski-sin-koji-je-doveo-aljasku-do-drzavnosti\/","url":"https:\/\/connectingregion.com\/me\/crna-gora\/crnogorski-sin-koji-je-doveo-aljasku-do-drzavnosti\/","name":"Crnogorski sin doveo Aljasku do dr\u017eavnosti - The Region","isPartOf":{"@id":"https:\/\/connectingregion.com\/#website"},"primaryImageOfPage":{"@id":"https:\/\/connectingregion.com\/me\/crna-gora\/crnogorski-sin-koji-je-doveo-aljasku-do-drzavnosti\/#primaryimage"},"image":{"@id":"https:\/\/connectingregion.com\/me\/crna-gora\/crnogorski-sin-koji-je-doveo-aljasku-do-drzavnosti\/#primaryimage"},"thumbnailUrl":"https:\/\/connectingregion.com\/wp-content\/uploads\/2026\/04\/Michael-Anthony-Stepovich-main.jpg","datePublished":"2026-04-28T14:02:30+00:00","dateModified":"2026-04-28T23:20:19+00:00","breadcrumb":{"@id":"https:\/\/connectingregion.com\/me\/crna-gora\/crnogorski-sin-koji-je-doveo-aljasku-do-drzavnosti\/#breadcrumb"},"inLanguage":"me-ME","potentialAction":[{"@type":"ReadAction","target":["https:\/\/connectingregion.com\/me\/crna-gora\/crnogorski-sin-koji-je-doveo-aljasku-do-drzavnosti\/"]}]},{"@type":"ImageObject","inLanguage":"me-ME","@id":"https:\/\/connectingregion.com\/me\/crna-gora\/crnogorski-sin-koji-je-doveo-aljasku-do-drzavnosti\/#primaryimage","url":"https:\/\/connectingregion.com\/wp-content\/uploads\/2026\/04\/Michael-Anthony-Stepovich-main.jpg","contentUrl":"https:\/\/connectingregion.com\/wp-content\/uploads\/2026\/04\/Michael-Anthony-Stepovich-main.jpg","width":1535,"height":1025},{"@type":"BreadcrumbList","@id":"https:\/\/connectingregion.com\/me\/crna-gora\/crnogorski-sin-koji-je-doveo-aljasku-do-drzavnosti\/#breadcrumb","itemListElement":[{"@type":"ListItem","position":1,"name":"Home","item":"https:\/\/connectingregion.com\/me\/bridging-business-across-adria\/"},{"@type":"ListItem","position":2,"name":"Crnogorski sin doveo Aljasku do dr\u017eavnosti"}]},{"@type":"WebSite","@id":"https:\/\/connectingregion.com\/#website","url":"https:\/\/connectingregion.com\/","name":"The Region","description":"Regional ties: Officials &amp; leaders unite for tomorrow","publisher":{"@id":"https:\/\/connectingregion.com\/#organization"},"potentialAction":[{"@type":"SearchAction","target":{"@type":"EntryPoint","urlTemplate":"https:\/\/connectingregion.com\/?s={search_term_string}"},"query-input":{"@type":"PropertyValueSpecification","valueRequired":true,"valueName":"search_term_string"}}],"inLanguage":"me-ME"},{"@type":"Organization","@id":"https:\/\/connectingregion.com\/#organization","name":"The Region","url":"https:\/\/connectingregion.com\/","logo":{"@type":"ImageObject","inLanguage":"me-ME","@id":"https:\/\/connectingregion.com\/#\/schema\/logo\/image\/","url":"https:\/\/connectingregion.com\/wp-content\/uploads\/2023\/10\/cropped-Artboard-2.jpg","contentUrl":"https:\/\/connectingregion.com\/wp-content\/uploads\/2023\/10\/cropped-Artboard-2.jpg","width":512,"height":512,"caption":"The Region"},"image":{"@id":"https:\/\/connectingregion.com\/#\/schema\/logo\/image\/"},"sameAs":["https:\/\/x.com\/connectregion","https:\/\/www.linkedin.com\/company\/connectregion\/","https:\/\/www.instagram.com\/connectregion\/"]},{"@type":"Person","@id":"https:\/\/connectingregion.com\/#\/schema\/person\/de13a9eaa84fab489c5d2c6acff922b2","name":"Jovan","image":{"@type":"ImageObject","inLanguage":"me-ME","@id":"https:\/\/connectingregion.com\/wp-content\/uploads\/2023\/10\/cropped-Cord-favicon-1-96x96.png","url":"https:\/\/connectingregion.com\/wp-content\/uploads\/2023\/10\/cropped-Cord-favicon-1-96x96.png","contentUrl":"https:\/\/connectingregion.com\/wp-content\/uploads\/2023\/10\/cropped-Cord-favicon-1-96x96.png","caption":"Jovan"},"url":"https:\/\/connectingregion.com\/me\/author\/jovan\/"}]}},"_links":{"self":[{"href":"https:\/\/connectingregion.com\/me\/wp-json\/wp\/v2\/posts\/35496","targetHints":{"allow":["GET"]}}],"collection":[{"href":"https:\/\/connectingregion.com\/me\/wp-json\/wp\/v2\/posts"}],"about":[{"href":"https:\/\/connectingregion.com\/me\/wp-json\/wp\/v2\/types\/post"}],"author":[{"embeddable":true,"href":"https:\/\/connectingregion.com\/me\/wp-json\/wp\/v2\/users\/4"}],"replies":[{"embeddable":true,"href":"https:\/\/connectingregion.com\/me\/wp-json\/wp\/v2\/comments?post=35496"}],"version-history":[{"count":16,"href":"https:\/\/connectingregion.com\/me\/wp-json\/wp\/v2\/posts\/35496\/revisions"}],"predecessor-version":[{"id":35539,"href":"https:\/\/connectingregion.com\/me\/wp-json\/wp\/v2\/posts\/35496\/revisions\/35539"}],"wp:featuredmedia":[{"embeddable":true,"href":"https:\/\/connectingregion.com\/me\/wp-json\/wp\/v2\/media\/35483"}],"wp:attachment":[{"href":"https:\/\/connectingregion.com\/me\/wp-json\/wp\/v2\/media?parent=35496"}],"wp:term":[{"taxonomy":"category","embeddable":true,"href":"https:\/\/connectingregion.com\/me\/wp-json\/wp\/v2\/categories?post=35496"},{"taxonomy":"post_tag","embeddable":true,"href":"https:\/\/connectingregion.com\/me\/wp-json\/wp\/v2\/tags?post=35496"}],"curies":[{"name":"wp","href":"https:\/\/api.w.org\/{rel}","templated":true}]}}