{"id":35267,"date":"2026-04-27T11:12:02","date_gmt":"2026-04-27T09:12:02","guid":{"rendered":"https:\/\/connectingregion.com\/?p=35267"},"modified":"2026-04-27T12:30:20","modified_gmt":"2026-04-27T10:30:20","slug":"adria-future-summit-u-tivtu-od-regionalnog-dijaloga-do-konkretnih-projekata","status":"publish","type":"post","link":"https:\/\/connectingregion.com\/hr\/vijesti\/adria-future-summit-u-tivtu-od-regionalnog-dijaloga-do-konkretnih-projekata\/","title":{"rendered":"Adria Future Summit u Tivtu: Od regionalnog dijaloga do konkretnih projekata"},"content":{"rendered":"\n<p class=\"has-drop-cap dropcapp2\">S vi\u0161e od 70 sesija i visokoprofilnim sudionicima me\u0111u kojima su bili Milojko Spaji\u0107, Mohamed Alabbar, Annette Kroeber-Riel, Cherie Blair i Manfredi Lefebvre d\u2019Ovidio, summit je poslao jasnu poruku: regija mora djelovati odlu\u010dno u sve zahtjevnijem globalnom okru\u017eenju.<\/p>\n\n\n<div class=\"wp-block-image\">\n<figure class=\"aligncenter size-large\"><img loading=\"lazy\" decoding=\"async\" width=\"1024\" height=\"683\" src=\"https:\/\/connectingregion.com\/wp-content\/uploads\/2026\/04\/Adria-Future-Summit-in-Tivat-1-1024x683.jpg\" alt=\"\" class=\"wp-image-35250\" srcset=\"https:\/\/connectingregion.com\/wp-content\/uploads\/2026\/04\/Adria-Future-Summit-in-Tivat-1-1024x683.jpg 1024w, https:\/\/connectingregion.com\/wp-content\/uploads\/2026\/04\/Adria-Future-Summit-in-Tivat-1-300x200.jpg 300w, https:\/\/connectingregion.com\/wp-content\/uploads\/2026\/04\/Adria-Future-Summit-in-Tivat-1-768x512.jpg 768w, https:\/\/connectingregion.com\/wp-content\/uploads\/2026\/04\/Adria-Future-Summit-in-Tivat-1-630x420.jpg 630w, https:\/\/connectingregion.com\/wp-content\/uploads\/2026\/04\/Adria-Future-Summit-in-Tivat-1-150x100.jpg 150w, https:\/\/connectingregion.com\/wp-content\/uploads\/2026\/04\/Adria-Future-Summit-in-Tivat-1-696x464.jpg 696w, https:\/\/connectingregion.com\/wp-content\/uploads\/2026\/04\/Adria-Future-Summit-in-Tivat-1-1068x712.jpg 1068w, https:\/\/connectingregion.com\/wp-content\/uploads\/2026\/04\/Adria-Future-Summit-in-Tivat-1.jpg 1200w\" sizes=\"auto, (max-width: 1024px) 100vw, 1024px\" \/><figcaption class=\"wp-element-caption\">Biljana Braithwaite<\/figcaption><\/figure>\n<\/div>\n\n\n<p>Govore\u0107i na otvaranju, <a href=\"https:\/\/connectingregion.com\/tag\/biljana-braithwaite\/\" type=\"link\" id=\"https:\/\/connectingregion.com\/hr\/tag\/biljana-braithwaite\/\">Biljana Braithwaite<\/a> naglasila je da platforma postoji kako bi regija \u201cgovorila u svoje ime i djelovala\u201d, odra\u017eavaju\u0107i \u0161iri zaokret od dijaloga fokusiranog na ESG prema rastu, upravljanju, otpornosti i inovacijama. Taj smjer potvrdio je i <a href=\"https:\/\/connectingregion.com\/hr\/tag\/zeljko-komnenovic\/\" type=\"post_tag\" id=\"4255\">\u017deljko Komnenovi\u0107<\/a>, koji je Tivat predstavio ne samo kao destinaciju, ve\u0107 kao mjesto susreta globalnih ambicija i lokalne odgovornosti. Rasprave su obuhvatile i put regije prema Europskoj uniji, pri \u010demu je Crna Gora istaknuta kao predvodnica u pristupnim pregovorima i aktualna predsjedateljica Berlinskog procesa, \u010dime je dodatno oja\u010dana politi\u010dka te\u017eina agende summita.<\/p>\n\n\n<div class=\"wp-block-image\">\n<figure class=\"aligncenter size-large\"><img loading=\"lazy\" decoding=\"async\" width=\"1024\" height=\"683\" src=\"https:\/\/connectingregion.com\/wp-content\/uploads\/2026\/04\/Adria-Future-Summit-in-Tivat-2-1024x683.jpg\" alt=\"\" class=\"wp-image-35251\" srcset=\"https:\/\/connectingregion.com\/wp-content\/uploads\/2026\/04\/Adria-Future-Summit-in-Tivat-2-1024x683.jpg 1024w, https:\/\/connectingregion.com\/wp-content\/uploads\/2026\/04\/Adria-Future-Summit-in-Tivat-2-300x200.jpg 300w, https:\/\/connectingregion.com\/wp-content\/uploads\/2026\/04\/Adria-Future-Summit-in-Tivat-2-768x512.jpg 768w, https:\/\/connectingregion.com\/wp-content\/uploads\/2026\/04\/Adria-Future-Summit-in-Tivat-2-630x420.jpg 630w, https:\/\/connectingregion.com\/wp-content\/uploads\/2026\/04\/Adria-Future-Summit-in-Tivat-2-150x100.jpg 150w, https:\/\/connectingregion.com\/wp-content\/uploads\/2026\/04\/Adria-Future-Summit-in-Tivat-2-696x464.jpg 696w, https:\/\/connectingregion.com\/wp-content\/uploads\/2026\/04\/Adria-Future-Summit-in-Tivat-2-1068x712.jpg 1068w, https:\/\/connectingregion.com\/wp-content\/uploads\/2026\/04\/Adria-Future-Summit-in-Tivat-2.jpg 1200w\" sizes=\"auto, (max-width: 1024px) 100vw, 1024px\" \/><figcaption class=\"wp-element-caption\">Milojko Spaji\u0107<\/figcaption><\/figure>\n<\/div>\n\n\n<p>Niz panela na visokoj razini dodatno je u\u010dvrstio ovaj zaokret, osobito oni koji su okupili regionalne ministre i visoke donositelje odluka. Rasprave su bile usmjerene na ubrzanje EU integracija, unapre\u0111enje regionalne povezanosti i otklju\u010davanje strate\u0161kih ulaganja u infrastrukturu, energetiku i digitalnu transformaciju. Premijer <a href=\"https:\/\/connectingregion.com\/hr\/tag\/milojko-spajic\/\" type=\"post_tag\" id=\"3558\">Milojko Spaji\u0107<\/a> istaknuo je ambiciju Crne Gore da zadr\u017ei poziciju predvodnice u procesu pristupanja EU, nagla\u0161avaju\u0107i fiskalnu stabilnost i provedbu reformi kao klju\u010dne prioritete. Kroz ove sesije provla\u010dio se jasan zaklju\u010dak: konkurentnost regije ovisit \u0107e o njezinoj sposobnosti da uskladi javne politike s privatnim kapitalom, oja\u010da institucionalne okvire i prije\u0111e s fragmentiranih inicijativa na koordinirane, prekograni\u010dne projekte. Govornici su tako\u0111er naglasili da odr\u017eivi rast mora ostati utemeljen na dobrom upravljanju, dru\u0161tvenoj odgovornosti i dugoro\u010dnoj otpornosti, a ne na kratkoro\u010dnim dobicima.<\/p>\n\n\n<div class=\"wp-block-image\">\n<figure class=\"aligncenter size-large\"><img loading=\"lazy\" decoding=\"async\" width=\"1024\" height=\"683\" src=\"https:\/\/connectingregion.com\/wp-content\/uploads\/2026\/04\/Adria-Future-Summit-in-Tivat-3-1024x683.jpg\" alt=\"\" class=\"wp-image-35252\" srcset=\"https:\/\/connectingregion.com\/wp-content\/uploads\/2026\/04\/Adria-Future-Summit-in-Tivat-3-1024x683.jpg 1024w, https:\/\/connectingregion.com\/wp-content\/uploads\/2026\/04\/Adria-Future-Summit-in-Tivat-3-300x200.jpg 300w, https:\/\/connectingregion.com\/wp-content\/uploads\/2026\/04\/Adria-Future-Summit-in-Tivat-3-768x512.jpg 768w, https:\/\/connectingregion.com\/wp-content\/uploads\/2026\/04\/Adria-Future-Summit-in-Tivat-3-630x420.jpg 630w, https:\/\/connectingregion.com\/wp-content\/uploads\/2026\/04\/Adria-Future-Summit-in-Tivat-3-150x100.jpg 150w, https:\/\/connectingregion.com\/wp-content\/uploads\/2026\/04\/Adria-Future-Summit-in-Tivat-3-696x464.jpg 696w, https:\/\/connectingregion.com\/wp-content\/uploads\/2026\/04\/Adria-Future-Summit-in-Tivat-3-1068x712.jpg 1068w, https:\/\/connectingregion.com\/wp-content\/uploads\/2026\/04\/Adria-Future-Summit-in-Tivat-3.jpg 1200w\" sizes=\"auto, (max-width: 1024px) 100vw, 1024px\" \/><\/figure>\n<\/div>\n\n\n<p>Dodatna serija panela na visokoj razini dodatno je konkretizirala zaokret summita prema provedbi, nude\u0107i konkretne zaklju\u010dke u klju\u010dnim sektorima. U raspravi \u201eGdje se susre\u0107u kapital i ambicija \u2013 ulaganje u Adria regiju\u201c, sudionici su istaknuli da regija vi\u0161e nema problem nedostatka kapitala, ve\u0107 nedostatka kvalitetno pripremljenih i bankabilnih projekata, nagla\u0161avaju\u0107i potrebu za sna\u017enijom institucionalnom koordinacijom i jasnijim investicijskim tokovima. Na panelu \u201eEkonomija obnovljive energije\u201c, fokus je stavljen na energetsku tranziciju kao jednu od najneposrednijih prilika regije, pri \u010demu su govornici naglasili da \u0107e regulatorno uskla\u0111ivanje i br\u017ei procesi izdavanja dozvola biti presudni za otklju\u010davanje velikih zelenih ulaganja.<\/p>\n\n\n<div class=\"wp-block-image\">\n<figure class=\"aligncenter size-large\"><img loading=\"lazy\" decoding=\"async\" width=\"1024\" height=\"683\" src=\"https:\/\/connectingregion.com\/wp-content\/uploads\/2026\/04\/Adria-Future-Summit-in-Tivat-4-1024x683.jpg\" alt=\"\" class=\"wp-image-35253\" srcset=\"https:\/\/connectingregion.com\/wp-content\/uploads\/2026\/04\/Adria-Future-Summit-in-Tivat-4-1024x683.jpg 1024w, https:\/\/connectingregion.com\/wp-content\/uploads\/2026\/04\/Adria-Future-Summit-in-Tivat-4-300x200.jpg 300w, https:\/\/connectingregion.com\/wp-content\/uploads\/2026\/04\/Adria-Future-Summit-in-Tivat-4-768x512.jpg 768w, https:\/\/connectingregion.com\/wp-content\/uploads\/2026\/04\/Adria-Future-Summit-in-Tivat-4-630x420.jpg 630w, https:\/\/connectingregion.com\/wp-content\/uploads\/2026\/04\/Adria-Future-Summit-in-Tivat-4-150x100.jpg 150w, https:\/\/connectingregion.com\/wp-content\/uploads\/2026\/04\/Adria-Future-Summit-in-Tivat-4-696x464.jpg 696w, https:\/\/connectingregion.com\/wp-content\/uploads\/2026\/04\/Adria-Future-Summit-in-Tivat-4-1068x712.jpg 1068w, https:\/\/connectingregion.com\/wp-content\/uploads\/2026\/04\/Adria-Future-Summit-in-Tivat-4.jpg 1200w\" sizes=\"auto, (max-width: 1024px) 100vw, 1024px\" \/><figcaption class=\"wp-element-caption\">Mohamed Alabbar<\/figcaption><\/figure>\n<\/div>\n\n\n<p>U okviru keynote fireside razgovora, <a href=\"https:\/\/connectingregion.com\/hr\/tag\/mohamed-alabbar\/\" type=\"post_tag\" id=\"4201\">Mohamed Alabbar<\/a> ukazao je na jo\u0161 uvijek neiskori\u0161ten potencijal Jadrana kao premium globalne destinacije, nagla\u0161avaju\u0107i da se dugoro\u010dna vrijednost nalazi u integriranim razvojnim projektima koji kombiniraju turizam, infrastrukturu i utjecaj na zajednicu. Kroz ove rasprave, kao i kroz ministarske panele o regionalnoj suradnji i EU integracijama, izdvojila se jasna poruka: regija mora prije\u0107i s fragmentiranih inicijativa i usmjeriti se na realizaciju skalabilnih projekata u kojima su uskla\u0111ene javne politike, privatni kapital i strategije lokalnog razvoja.<\/p>\n\n\n\n<p>Kao dio slu\u017ebenog programa, The Region organizirao je fokusirani <a href=\"https:\/\/connectingregion.com\/hr\/vijesti\/the-region-organizirao-dogadaj-montenegro-means-business-na-adria-future-summitu-u-tivtu\/\" type=\"link\" id=\"https:\/\/connectingregion.com\/hr\/vijesti\/the-region-organizirao-dogadaj-montenegro-means-business-na-adria-future-summitu-u-tivtu\/\">networking doga\u0111aj<\/a> pod nazivom \u201eMontenegro Means Business\u201c, okupiv\u0161i pa\u017eljivo odabranu skupinu poslovnih lidera, investitora i institucionalnih predstavnika.<\/p>\n\n\n<div class=\"wp-block-image\">\n<figure class=\"aligncenter size-large\"><img loading=\"lazy\" decoding=\"async\" width=\"1024\" height=\"683\" src=\"https:\/\/connectingregion.com\/wp-content\/uploads\/2026\/04\/Ana-Novcic-Montenegro-Means-Business-Event-at-Adria-Future-Summit-1024x683.jpg\" alt=\"\" class=\"wp-image-35121\" srcset=\"https:\/\/connectingregion.com\/wp-content\/uploads\/2026\/04\/Ana-Novcic-Montenegro-Means-Business-Event-at-Adria-Future-Summit-1024x683.jpg 1024w, https:\/\/connectingregion.com\/wp-content\/uploads\/2026\/04\/Ana-Novcic-Montenegro-Means-Business-Event-at-Adria-Future-Summit-300x200.jpg 300w, https:\/\/connectingregion.com\/wp-content\/uploads\/2026\/04\/Ana-Novcic-Montenegro-Means-Business-Event-at-Adria-Future-Summit-768x512.jpg 768w, https:\/\/connectingregion.com\/wp-content\/uploads\/2026\/04\/Ana-Novcic-Montenegro-Means-Business-Event-at-Adria-Future-Summit-630x420.jpg 630w, https:\/\/connectingregion.com\/wp-content\/uploads\/2026\/04\/Ana-Novcic-Montenegro-Means-Business-Event-at-Adria-Future-Summit-150x100.jpg 150w, https:\/\/connectingregion.com\/wp-content\/uploads\/2026\/04\/Ana-Novcic-Montenegro-Means-Business-Event-at-Adria-Future-Summit-696x464.jpg 696w, https:\/\/connectingregion.com\/wp-content\/uploads\/2026\/04\/Ana-Novcic-Montenegro-Means-Business-Event-at-Adria-Future-Summit-1068x712.jpg 1068w, https:\/\/connectingregion.com\/wp-content\/uploads\/2026\/04\/Ana-Novcic-Montenegro-Means-Business-Event-at-Adria-Future-Summit.jpg 1200w\" sizes=\"auto, (max-width: 1024px) 100vw, 1024px\" \/><figcaption class=\"wp-element-caption\">Ana Nov\u010di\u0107<\/figcaption><\/figure>\n<\/div>\n\n\n<p><a href=\"https:\/\/connectingregion.com\/hr\/tag\/ana-novcic\/\" type=\"post_tag\" id=\"4130\">Ana Nov\u010di\u0107<\/a>, glavna urednica i CEO The Regiona i izdava\u010dke ku\u0107e AIM, koja stoji iza The Regiona i CorD magazina, otvorila je doga\u0111aj pozicioniraju\u0107i The Region kao platformu koja prati kako se investicijske pri\u010de u Adria regiji pretvaraju u konkretne projekte, istodobno najavljuju\u0107i da je njihova web stranica sada dostupna na sedam regionalnih jezika uz engleski, \u010dime je zna\u010dajno pro\u0161iren doseg. Tako\u0111er je predstavila i nadolaze\u0107e lipanjsko izdanje \u201eCroatia Means Business\u201c.<\/p>\n\n\n<div class=\"wp-block-image\">\n<figure class=\"aligncenter size-large\"><img loading=\"lazy\" decoding=\"async\" width=\"1024\" height=\"683\" src=\"https:\/\/connectingregion.com\/wp-content\/uploads\/2026\/04\/Montenegro-Means-Business-Event-at-Adria-Future-Summit-10-1024x683.jpg\" alt=\"\" class=\"wp-image-35249\" srcset=\"https:\/\/connectingregion.com\/wp-content\/uploads\/2026\/04\/Montenegro-Means-Business-Event-at-Adria-Future-Summit-10-1024x683.jpg 1024w, https:\/\/connectingregion.com\/wp-content\/uploads\/2026\/04\/Montenegro-Means-Business-Event-at-Adria-Future-Summit-10-300x200.jpg 300w, https:\/\/connectingregion.com\/wp-content\/uploads\/2026\/04\/Montenegro-Means-Business-Event-at-Adria-Future-Summit-10-768x512.jpg 768w, https:\/\/connectingregion.com\/wp-content\/uploads\/2026\/04\/Montenegro-Means-Business-Event-at-Adria-Future-Summit-10-630x420.jpg 630w, https:\/\/connectingregion.com\/wp-content\/uploads\/2026\/04\/Montenegro-Means-Business-Event-at-Adria-Future-Summit-10-150x100.jpg 150w, https:\/\/connectingregion.com\/wp-content\/uploads\/2026\/04\/Montenegro-Means-Business-Event-at-Adria-Future-Summit-10-696x464.jpg 696w, https:\/\/connectingregion.com\/wp-content\/uploads\/2026\/04\/Montenegro-Means-Business-Event-at-Adria-Future-Summit-10-1068x712.jpg 1068w, https:\/\/connectingregion.com\/wp-content\/uploads\/2026\/04\/Montenegro-Means-Business-Event-at-Adria-Future-Summit-10.jpg 1200w\" sizes=\"auto, (max-width: 1024px) 100vw, 1024px\" \/><\/figure>\n<\/div>\n\n\n<p>Sredi\u0161nji razgovor ve\u010deri vodio je <a href=\"https:\/\/connectingregion.com\/hr\/tag\/davor-kunc\/\" type=\"post_tag\" id=\"4139\">Davor Kunc<\/a>, voditelj Europske investicijske banke u Crnoj Gori, u fireside razgovoru s COO-om AIM-a Ivanom Jovanovi\u0107, fokusiraju\u0107i se na to kako se me\u0111unarodno financiranje prevodi u konkretne projekte na terenu. Nakon toga uslijedio je drugi razgovor s \u0110inom Vuk\u010devi\u0107 iz WOBA-e, koji je donio perspektivu regionalnog poslovnog razvoja i tr\u017ei\u0161ne dinamike. Me\u0111u prisutnima su bili veleposlanica Kanade u Crnoj Gori Njezina Ekselencija Michelle Cameron, Brankica Jankovi\u0107, predstavnici Vije\u0107a stranih investitora u Crnoj Gori uklju\u010duju\u0107i Arijanu Nikoli\u0107 i Nemanju Bojovi\u0107a, Budomir Rai\u010dkovi\u0107, predsjednik Udruge menad\u017eera Crne Gore, kao i druge istaknute osobe iz regionalne poslovne zajednice.<\/p>\n\n\n\n<p>U cjelini, <a href=\"https:\/\/connectingregion.com\/hr\/tag\/adria-future-summit\/\" type=\"post_tag\" id=\"4125\">Adria Future Summit<\/a> potvrdio je svoju evoluciju u platformu ne samo za dijalog, ve\u0107 i za djelovanje, okupljaju\u0107i aktere sposobne oblikovati sljede\u0107u fazu gospodarskog i institucionalnog razvoja jadranske regije.<\/p>\n","protected":false},"excerpt":{"rendered":"<p>S vi\u0161e od 70 sesija i visokoprofilnim sudionicima me\u0111u kojima su bili Milojko Spaji\u0107, Mohamed Alabbar, Annette Kroeber-Riel, Cherie Blair i Manfredi Lefebvre d\u2019Ovidio, summit je poslao jasnu poruku: regija mora djelovati odlu\u010dno u sve zahtjevnijem globalnom okru\u017eenju. Govore\u0107i na otvaranju, Biljana Braithwaite naglasila je da platforma postoji kako bi regija \u201cgovorila u svoje ime [&hellip;]<\/p>\n","protected":false},"author":4,"featured_media":35254,"comment_status":"closed","ping_status":"closed","sticky":false,"template":"","format":"standard","meta":{"footnotes":""},"categories":[3203,3194,3059],"tags":[4125,4130,4231,4238,4139,4244,3558,4201,3567],"class_list":{"0":"post-35267","1":"post","2":"type-post","3":"status-publish","4":"format-standard","5":"has-post-thumbnail","7":"category-crna-gora","8":"category-dogadanja","9":"category-vijesti","10":"tag-adria-future-summit","11":"tag-ana-novcic","12":"tag-annette-kroeber-riel","13":"tag-cherie-blair","14":"tag-davor-kunc","15":"tag-manfredi-lefebvre-dovidio","16":"tag-milojko-spajic","17":"tag-mohamed-alabbar","18":"tag-tivat"},"td_post_theme_settings":{"td_subtitle":"Odr\u017ean od 22. do 24. travnja u Porto Montenegru, Adria Future Summit pozicionirao se kao prekretnica za Zapadni Balkan, pomi\u010du\u0107i narativ s potencijala na konkretnu realizaciju."},"yoast_head":"<!-- This site is optimized with the Yoast SEO plugin v27.4 - https:\/\/yoast.com\/product\/yoast-seo-wordpress\/ -->\n<title>Adria Future Summit u Tivtu: Od regionalnog dijaloga do konkretnih projekata - The Region<\/title>\n<meta name=\"robots\" content=\"index, follow, max-snippet:-1, max-image-preview:large, max-video-preview:-1\" \/>\n<link rel=\"canonical\" href=\"https:\/\/connectingregion.com\/hr\/vijesti\/adria-future-summit-u-tivtu-od-regionalnog-dijaloga-do-konkretnih-projekata\/\" \/>\n<meta property=\"og:locale\" content=\"hr_HR\" \/>\n<meta property=\"og:type\" content=\"article\" \/>\n<meta property=\"og:title\" content=\"Adria Future Summit u Tivtu: Od regionalnog dijaloga do konkretnih projekata - The Region\" \/>\n<meta property=\"og:description\" content=\"S vi\u0161e od 70 sesija i visokoprofilnim sudionicima me\u0111u kojima su bili Milojko Spaji\u0107, Mohamed Alabbar, Annette Kroeber-Riel, Cherie Blair i Manfredi Lefebvre d\u2019Ovidio, summit je poslao jasnu poruku: regija mora djelovati odlu\u010dno u sve zahtjevnijem globalnom okru\u017eenju. Govore\u0107i na otvaranju, Biljana Braithwaite naglasila je da platforma postoji kako bi regija \u201cgovorila u svoje ime [&hellip;]\" \/>\n<meta property=\"og:url\" content=\"https:\/\/connectingregion.com\/hr\/vijesti\/adria-future-summit-u-tivtu-od-regionalnog-dijaloga-do-konkretnih-projekata\/\" \/>\n<meta property=\"og:site_name\" content=\"The Region\" \/>\n<meta property=\"article:published_time\" content=\"2026-04-27T09:12:02+00:00\" \/>\n<meta property=\"article:modified_time\" content=\"2026-04-27T10:30:20+00:00\" \/>\n<meta property=\"og:image\" content=\"https:\/\/connectingregion.com\/wp-content\/uploads\/2026\/04\/Adria-Future-Summit-in-Tivat-5.jpg\" \/>\n\t<meta property=\"og:image:width\" content=\"1200\" \/>\n\t<meta property=\"og:image:height\" content=\"800\" \/>\n\t<meta property=\"og:image:type\" content=\"image\/jpeg\" \/>\n<meta name=\"author\" content=\"Jovan\" \/>\n<meta name=\"twitter:card\" content=\"summary_large_image\" \/>\n<meta name=\"twitter:creator\" content=\"@connectregion\" \/>\n<meta name=\"twitter:site\" content=\"@connectregion\" \/>\n<meta name=\"twitter:label1\" content=\"Napisao\/la\" \/>\n\t<meta name=\"twitter:data1\" content=\"Jovan\" \/>\n\t<meta name=\"twitter:label2\" content=\"Procijenjeno vrijeme \u010ditanja\" \/>\n\t<meta name=\"twitter:data2\" content=\"5 minuta\" \/>\n<script type=\"application\/ld+json\" class=\"yoast-schema-graph\">{\"@context\":\"https:\\\/\\\/schema.org\",\"@graph\":[{\"@type\":\"Article\",\"@id\":\"https:\\\/\\\/connectingregion.com\\\/hr\\\/vijesti\\\/adria-future-summit-u-tivtu-od-regionalnog-dijaloga-do-konkretnih-projekata\\\/#article\",\"isPartOf\":{\"@id\":\"https:\\\/\\\/connectingregion.com\\\/hr\\\/vijesti\\\/adria-future-summit-u-tivtu-od-regionalnog-dijaloga-do-konkretnih-projekata\\\/\"},\"author\":{\"name\":\"Jovan\",\"@id\":\"https:\\\/\\\/connectingregion.com\\\/#\\\/schema\\\/person\\\/de13a9eaa84fab489c5d2c6acff922b2\"},\"headline\":\"Adria Future Summit u Tivtu: Od regionalnog dijaloga do konkretnih projekata\",\"datePublished\":\"2026-04-27T09:12:02+00:00\",\"dateModified\":\"2026-04-27T10:30:20+00:00\",\"mainEntityOfPage\":{\"@id\":\"https:\\\/\\\/connectingregion.com\\\/hr\\\/vijesti\\\/adria-future-summit-u-tivtu-od-regionalnog-dijaloga-do-konkretnih-projekata\\\/\"},\"wordCount\":752,\"publisher\":{\"@id\":\"https:\\\/\\\/connectingregion.com\\\/#organization\"},\"image\":{\"@id\":\"https:\\\/\\\/connectingregion.com\\\/hr\\\/vijesti\\\/adria-future-summit-u-tivtu-od-regionalnog-dijaloga-do-konkretnih-projekata\\\/#primaryimage\"},\"thumbnailUrl\":\"https:\\\/\\\/connectingregion.com\\\/wp-content\\\/uploads\\\/2026\\\/04\\\/Adria-Future-Summit-in-Tivat-5.jpg\",\"keywords\":[\"Adria Future Summit\",\"Ana Nov\u010di\u0107\",\"Annette Kroeber-Riel\",\"Cherie Blair\",\"Davor Kunc\",\"Manfredi Lefebvre d\u2019Ovidio\",\"Milojko Spaji\u0107\",\"Mohamed Alabbar\",\"Tivat\"],\"articleSection\":[\"Crna Gora\",\"Doga\u0111anja\",\"Vijesti\"],\"inLanguage\":\"hr\"},{\"@type\":\"WebPage\",\"@id\":\"https:\\\/\\\/connectingregion.com\\\/hr\\\/vijesti\\\/adria-future-summit-u-tivtu-od-regionalnog-dijaloga-do-konkretnih-projekata\\\/\",\"url\":\"https:\\\/\\\/connectingregion.com\\\/hr\\\/vijesti\\\/adria-future-summit-u-tivtu-od-regionalnog-dijaloga-do-konkretnih-projekata\\\/\",\"name\":\"Adria Future Summit u Tivtu: Od regionalnog dijaloga do konkretnih projekata - The Region\",\"isPartOf\":{\"@id\":\"https:\\\/\\\/connectingregion.com\\\/#website\"},\"primaryImageOfPage\":{\"@id\":\"https:\\\/\\\/connectingregion.com\\\/hr\\\/vijesti\\\/adria-future-summit-u-tivtu-od-regionalnog-dijaloga-do-konkretnih-projekata\\\/#primaryimage\"},\"image\":{\"@id\":\"https:\\\/\\\/connectingregion.com\\\/hr\\\/vijesti\\\/adria-future-summit-u-tivtu-od-regionalnog-dijaloga-do-konkretnih-projekata\\\/#primaryimage\"},\"thumbnailUrl\":\"https:\\\/\\\/connectingregion.com\\\/wp-content\\\/uploads\\\/2026\\\/04\\\/Adria-Future-Summit-in-Tivat-5.jpg\",\"datePublished\":\"2026-04-27T09:12:02+00:00\",\"dateModified\":\"2026-04-27T10:30:20+00:00\",\"breadcrumb\":{\"@id\":\"https:\\\/\\\/connectingregion.com\\\/hr\\\/vijesti\\\/adria-future-summit-u-tivtu-od-regionalnog-dijaloga-do-konkretnih-projekata\\\/#breadcrumb\"},\"inLanguage\":\"hr\",\"potentialAction\":[{\"@type\":\"ReadAction\",\"target\":[\"https:\\\/\\\/connectingregion.com\\\/hr\\\/vijesti\\\/adria-future-summit-u-tivtu-od-regionalnog-dijaloga-do-konkretnih-projekata\\\/\"]}]},{\"@type\":\"ImageObject\",\"inLanguage\":\"hr\",\"@id\":\"https:\\\/\\\/connectingregion.com\\\/hr\\\/vijesti\\\/adria-future-summit-u-tivtu-od-regionalnog-dijaloga-do-konkretnih-projekata\\\/#primaryimage\",\"url\":\"https:\\\/\\\/connectingregion.com\\\/wp-content\\\/uploads\\\/2026\\\/04\\\/Adria-Future-Summit-in-Tivat-5.jpg\",\"contentUrl\":\"https:\\\/\\\/connectingregion.com\\\/wp-content\\\/uploads\\\/2026\\\/04\\\/Adria-Future-Summit-in-Tivat-5.jpg\",\"width\":1200,\"height\":800},{\"@type\":\"BreadcrumbList\",\"@id\":\"https:\\\/\\\/connectingregion.com\\\/hr\\\/vijesti\\\/adria-future-summit-u-tivtu-od-regionalnog-dijaloga-do-konkretnih-projekata\\\/#breadcrumb\",\"itemListElement\":[{\"@type\":\"ListItem\",\"position\":1,\"name\":\"Home\",\"item\":\"https:\\\/\\\/connectingregion.com\\\/hr\\\/\"},{\"@type\":\"ListItem\",\"position\":2,\"name\":\"Adria Future Summit u Tivtu: Od regionalnog dijaloga do konkretnih projekata\"}]},{\"@type\":\"WebSite\",\"@id\":\"https:\\\/\\\/connectingregion.com\\\/#website\",\"url\":\"https:\\\/\\\/connectingregion.com\\\/\",\"name\":\"The Region\",\"description\":\"Regional ties: Officials &amp; leaders unite for tomorrow\",\"publisher\":{\"@id\":\"https:\\\/\\\/connectingregion.com\\\/#organization\"},\"potentialAction\":[{\"@type\":\"SearchAction\",\"target\":{\"@type\":\"EntryPoint\",\"urlTemplate\":\"https:\\\/\\\/connectingregion.com\\\/?s={search_term_string}\"},\"query-input\":{\"@type\":\"PropertyValueSpecification\",\"valueRequired\":true,\"valueName\":\"search_term_string\"}}],\"inLanguage\":\"hr\"},{\"@type\":\"Organization\",\"@id\":\"https:\\\/\\\/connectingregion.com\\\/#organization\",\"name\":\"The Region\",\"url\":\"https:\\\/\\\/connectingregion.com\\\/\",\"logo\":{\"@type\":\"ImageObject\",\"inLanguage\":\"hr\",\"@id\":\"https:\\\/\\\/connectingregion.com\\\/#\\\/schema\\\/logo\\\/image\\\/\",\"url\":\"https:\\\/\\\/connectingregion.com\\\/wp-content\\\/uploads\\\/2023\\\/10\\\/cropped-Artboard-2.jpg\",\"contentUrl\":\"https:\\\/\\\/connectingregion.com\\\/wp-content\\\/uploads\\\/2023\\\/10\\\/cropped-Artboard-2.jpg\",\"width\":512,\"height\":512,\"caption\":\"The Region\"},\"image\":{\"@id\":\"https:\\\/\\\/connectingregion.com\\\/#\\\/schema\\\/logo\\\/image\\\/\"},\"sameAs\":[\"https:\\\/\\\/x.com\\\/connectregion\",\"https:\\\/\\\/www.linkedin.com\\\/company\\\/connectregion\\\/\",\"https:\\\/\\\/www.instagram.com\\\/connectregion\\\/\"]},{\"@type\":\"Person\",\"@id\":\"https:\\\/\\\/connectingregion.com\\\/#\\\/schema\\\/person\\\/de13a9eaa84fab489c5d2c6acff922b2\",\"name\":\"Jovan\",\"image\":{\"@type\":\"ImageObject\",\"inLanguage\":\"hr\",\"@id\":\"https:\\\/\\\/connectingregion.com\\\/wp-content\\\/uploads\\\/2023\\\/10\\\/cropped-Cord-favicon-1-96x96.png\",\"url\":\"https:\\\/\\\/connectingregion.com\\\/wp-content\\\/uploads\\\/2023\\\/10\\\/cropped-Cord-favicon-1-96x96.png\",\"contentUrl\":\"https:\\\/\\\/connectingregion.com\\\/wp-content\\\/uploads\\\/2023\\\/10\\\/cropped-Cord-favicon-1-96x96.png\",\"caption\":\"Jovan\"},\"url\":\"https:\\\/\\\/connectingregion.com\\\/hr\\\/author\\\/jovan\\\/\"}]}<\/script>\n<!-- \/ Yoast SEO plugin. -->","yoast_head_json":{"title":"Adria Future Summit u Tivtu: Od regionalnog dijaloga do konkretnih projekata - The Region","robots":{"index":"index","follow":"follow","max-snippet":"max-snippet:-1","max-image-preview":"max-image-preview:large","max-video-preview":"max-video-preview:-1"},"canonical":"https:\/\/connectingregion.com\/hr\/vijesti\/adria-future-summit-u-tivtu-od-regionalnog-dijaloga-do-konkretnih-projekata\/","og_locale":"hr_HR","og_type":"article","og_title":"Adria Future Summit u Tivtu: Od regionalnog dijaloga do konkretnih projekata - The Region","og_description":"S vi\u0161e od 70 sesija i visokoprofilnim sudionicima me\u0111u kojima su bili Milojko Spaji\u0107, Mohamed Alabbar, Annette Kroeber-Riel, Cherie Blair i Manfredi Lefebvre d\u2019Ovidio, summit je poslao jasnu poruku: regija mora djelovati odlu\u010dno u sve zahtjevnijem globalnom okru\u017eenju. Govore\u0107i na otvaranju, Biljana Braithwaite naglasila je da platforma postoji kako bi regija \u201cgovorila u svoje ime [&hellip;]","og_url":"https:\/\/connectingregion.com\/hr\/vijesti\/adria-future-summit-u-tivtu-od-regionalnog-dijaloga-do-konkretnih-projekata\/","og_site_name":"The Region","article_published_time":"2026-04-27T09:12:02+00:00","article_modified_time":"2026-04-27T10:30:20+00:00","og_image":[{"width":1200,"height":800,"url":"https:\/\/connectingregion.com\/wp-content\/uploads\/2026\/04\/Adria-Future-Summit-in-Tivat-5.jpg","type":"image\/jpeg"}],"author":"Jovan","twitter_card":"summary_large_image","twitter_creator":"@connectregion","twitter_site":"@connectregion","twitter_misc":{"Napisao\/la":"Jovan","Procijenjeno vrijeme \u010ditanja":"5 minuta"},"schema":{"@context":"https:\/\/schema.org","@graph":[{"@type":"Article","@id":"https:\/\/connectingregion.com\/hr\/vijesti\/adria-future-summit-u-tivtu-od-regionalnog-dijaloga-do-konkretnih-projekata\/#article","isPartOf":{"@id":"https:\/\/connectingregion.com\/hr\/vijesti\/adria-future-summit-u-tivtu-od-regionalnog-dijaloga-do-konkretnih-projekata\/"},"author":{"name":"Jovan","@id":"https:\/\/connectingregion.com\/#\/schema\/person\/de13a9eaa84fab489c5d2c6acff922b2"},"headline":"Adria Future Summit u Tivtu: Od regionalnog dijaloga do konkretnih projekata","datePublished":"2026-04-27T09:12:02+00:00","dateModified":"2026-04-27T10:30:20+00:00","mainEntityOfPage":{"@id":"https:\/\/connectingregion.com\/hr\/vijesti\/adria-future-summit-u-tivtu-od-regionalnog-dijaloga-do-konkretnih-projekata\/"},"wordCount":752,"publisher":{"@id":"https:\/\/connectingregion.com\/#organization"},"image":{"@id":"https:\/\/connectingregion.com\/hr\/vijesti\/adria-future-summit-u-tivtu-od-regionalnog-dijaloga-do-konkretnih-projekata\/#primaryimage"},"thumbnailUrl":"https:\/\/connectingregion.com\/wp-content\/uploads\/2026\/04\/Adria-Future-Summit-in-Tivat-5.jpg","keywords":["Adria Future Summit","Ana Nov\u010di\u0107","Annette Kroeber-Riel","Cherie Blair","Davor Kunc","Manfredi Lefebvre d\u2019Ovidio","Milojko Spaji\u0107","Mohamed Alabbar","Tivat"],"articleSection":["Crna Gora","Doga\u0111anja","Vijesti"],"inLanguage":"hr"},{"@type":"WebPage","@id":"https:\/\/connectingregion.com\/hr\/vijesti\/adria-future-summit-u-tivtu-od-regionalnog-dijaloga-do-konkretnih-projekata\/","url":"https:\/\/connectingregion.com\/hr\/vijesti\/adria-future-summit-u-tivtu-od-regionalnog-dijaloga-do-konkretnih-projekata\/","name":"Adria Future Summit u Tivtu: Od regionalnog dijaloga do konkretnih projekata - The Region","isPartOf":{"@id":"https:\/\/connectingregion.com\/#website"},"primaryImageOfPage":{"@id":"https:\/\/connectingregion.com\/hr\/vijesti\/adria-future-summit-u-tivtu-od-regionalnog-dijaloga-do-konkretnih-projekata\/#primaryimage"},"image":{"@id":"https:\/\/connectingregion.com\/hr\/vijesti\/adria-future-summit-u-tivtu-od-regionalnog-dijaloga-do-konkretnih-projekata\/#primaryimage"},"thumbnailUrl":"https:\/\/connectingregion.com\/wp-content\/uploads\/2026\/04\/Adria-Future-Summit-in-Tivat-5.jpg","datePublished":"2026-04-27T09:12:02+00:00","dateModified":"2026-04-27T10:30:20+00:00","breadcrumb":{"@id":"https:\/\/connectingregion.com\/hr\/vijesti\/adria-future-summit-u-tivtu-od-regionalnog-dijaloga-do-konkretnih-projekata\/#breadcrumb"},"inLanguage":"hr","potentialAction":[{"@type":"ReadAction","target":["https:\/\/connectingregion.com\/hr\/vijesti\/adria-future-summit-u-tivtu-od-regionalnog-dijaloga-do-konkretnih-projekata\/"]}]},{"@type":"ImageObject","inLanguage":"hr","@id":"https:\/\/connectingregion.com\/hr\/vijesti\/adria-future-summit-u-tivtu-od-regionalnog-dijaloga-do-konkretnih-projekata\/#primaryimage","url":"https:\/\/connectingregion.com\/wp-content\/uploads\/2026\/04\/Adria-Future-Summit-in-Tivat-5.jpg","contentUrl":"https:\/\/connectingregion.com\/wp-content\/uploads\/2026\/04\/Adria-Future-Summit-in-Tivat-5.jpg","width":1200,"height":800},{"@type":"BreadcrumbList","@id":"https:\/\/connectingregion.com\/hr\/vijesti\/adria-future-summit-u-tivtu-od-regionalnog-dijaloga-do-konkretnih-projekata\/#breadcrumb","itemListElement":[{"@type":"ListItem","position":1,"name":"Home","item":"https:\/\/connectingregion.com\/hr\/"},{"@type":"ListItem","position":2,"name":"Adria Future Summit u Tivtu: Od regionalnog dijaloga do konkretnih projekata"}]},{"@type":"WebSite","@id":"https:\/\/connectingregion.com\/#website","url":"https:\/\/connectingregion.com\/","name":"The Region","description":"Regional ties: Officials &amp; leaders unite for tomorrow","publisher":{"@id":"https:\/\/connectingregion.com\/#organization"},"potentialAction":[{"@type":"SearchAction","target":{"@type":"EntryPoint","urlTemplate":"https:\/\/connectingregion.com\/?s={search_term_string}"},"query-input":{"@type":"PropertyValueSpecification","valueRequired":true,"valueName":"search_term_string"}}],"inLanguage":"hr"},{"@type":"Organization","@id":"https:\/\/connectingregion.com\/#organization","name":"The Region","url":"https:\/\/connectingregion.com\/","logo":{"@type":"ImageObject","inLanguage":"hr","@id":"https:\/\/connectingregion.com\/#\/schema\/logo\/image\/","url":"https:\/\/connectingregion.com\/wp-content\/uploads\/2023\/10\/cropped-Artboard-2.jpg","contentUrl":"https:\/\/connectingregion.com\/wp-content\/uploads\/2023\/10\/cropped-Artboard-2.jpg","width":512,"height":512,"caption":"The Region"},"image":{"@id":"https:\/\/connectingregion.com\/#\/schema\/logo\/image\/"},"sameAs":["https:\/\/x.com\/connectregion","https:\/\/www.linkedin.com\/company\/connectregion\/","https:\/\/www.instagram.com\/connectregion\/"]},{"@type":"Person","@id":"https:\/\/connectingregion.com\/#\/schema\/person\/de13a9eaa84fab489c5d2c6acff922b2","name":"Jovan","image":{"@type":"ImageObject","inLanguage":"hr","@id":"https:\/\/connectingregion.com\/wp-content\/uploads\/2023\/10\/cropped-Cord-favicon-1-96x96.png","url":"https:\/\/connectingregion.com\/wp-content\/uploads\/2023\/10\/cropped-Cord-favicon-1-96x96.png","contentUrl":"https:\/\/connectingregion.com\/wp-content\/uploads\/2023\/10\/cropped-Cord-favicon-1-96x96.png","caption":"Jovan"},"url":"https:\/\/connectingregion.com\/hr\/author\/jovan\/"}]}},"_links":{"self":[{"href":"https:\/\/connectingregion.com\/hr\/wp-json\/wp\/v2\/posts\/35267","targetHints":{"allow":["GET"]}}],"collection":[{"href":"https:\/\/connectingregion.com\/hr\/wp-json\/wp\/v2\/posts"}],"about":[{"href":"https:\/\/connectingregion.com\/hr\/wp-json\/wp\/v2\/types\/post"}],"author":[{"embeddable":true,"href":"https:\/\/connectingregion.com\/hr\/wp-json\/wp\/v2\/users\/4"}],"replies":[{"embeddable":true,"href":"https:\/\/connectingregion.com\/hr\/wp-json\/wp\/v2\/comments?post=35267"}],"version-history":[{"count":8,"href":"https:\/\/connectingregion.com\/hr\/wp-json\/wp\/v2\/posts\/35267\/revisions"}],"predecessor-version":[{"id":35392,"href":"https:\/\/connectingregion.com\/hr\/wp-json\/wp\/v2\/posts\/35267\/revisions\/35392"}],"wp:featuredmedia":[{"embeddable":true,"href":"https:\/\/connectingregion.com\/hr\/wp-json\/wp\/v2\/media\/35254"}],"wp:attachment":[{"href":"https:\/\/connectingregion.com\/hr\/wp-json\/wp\/v2\/media?parent=35267"}],"wp:term":[{"taxonomy":"category","embeddable":true,"href":"https:\/\/connectingregion.com\/hr\/wp-json\/wp\/v2\/categories?post=35267"},{"taxonomy":"post_tag","embeddable":true,"href":"https:\/\/connectingregion.com\/hr\/wp-json\/wp\/v2\/tags?post=35267"}],"curies":[{"name":"wp","href":"https:\/\/api.w.org\/{rel}","templated":true}]}}