{"id":35655,"date":"2026-04-30T12:14:41","date_gmt":"2026-04-30T10:14:41","guid":{"rendered":"https:\/\/connectingregion.com\/?p=35655"},"modified":"2026-04-30T12:17:25","modified_gmt":"2026-04-30T10:17:25","slug":"dubrovnik-domacin-poslovnog-foruma-inicijative-tri-mora","status":"publish","type":"post","link":"https:\/\/connectingregion.com\/bs\/vijesti\/dubrovnik-domacin-poslovnog-foruma-inicijative-tri-mora\/","title":{"rendered":"Dubrovnik doma\u0107in poslovnog foruma Inicijative tri mora"},"content":{"rendered":"\n<p class=\"has-drop-cap dropcapp2\">Poslovni forum<a href=\"https:\/\/connectingregion.com\/bs\/tag\/three-seas-initiative-bs\/\" data-type=\"post_tag\" data-id=\"4331\"> Inicijative tri mora 2026<\/a>. odr\u017ean je 28. i 29. aprila u <a href=\"https:\/\/connectingregion.com\/bs\/tag\/dubrovnik-bs\/\" data-type=\"post_tag\" data-id=\"4312\">Dubrovniku<\/a>, paralelno s 11. samitom Inicijative tri mora, okupiv\u0161i vi\u0161e od 1.200 u\u010desnika, me\u0111u kojima su bili vladini zvani\u010dnici, poslovni lideri, investitori i predstavnici me\u0111unarodnih finansijskih institucija. Doma\u0107in doga\u0111aja bila je Hrvatska, kao zemlja koja trenutno predsjedava inicijativom, a skup je naglasio rastu\u0107i strate\u0161ki zna\u010daj saradnje prostora izme\u0111u Balti\u010dkog, Jadranskog i Crnog mora.<\/p>\n\n\n<div class=\"wp-block-image\">\n<figure class=\"aligncenter size-large\"><img loading=\"lazy\" decoding=\"async\" width=\"1024\" height=\"683\" src=\"https:\/\/connectingregion.com\/wp-content\/uploads\/2026\/04\/Seas-Business-Forum-3-1024x683.jpg\" alt=\"\" class=\"wp-image-35615\" srcset=\"https:\/\/connectingregion.com\/wp-content\/uploads\/2026\/04\/Seas-Business-Forum-3-1024x683.jpg 1024w, https:\/\/connectingregion.com\/wp-content\/uploads\/2026\/04\/Seas-Business-Forum-3-300x200.jpg 300w, https:\/\/connectingregion.com\/wp-content\/uploads\/2026\/04\/Seas-Business-Forum-3-768x512.jpg 768w, https:\/\/connectingregion.com\/wp-content\/uploads\/2026\/04\/Seas-Business-Forum-3-630x420.jpg 630w, https:\/\/connectingregion.com\/wp-content\/uploads\/2026\/04\/Seas-Business-Forum-3-150x100.jpg 150w, https:\/\/connectingregion.com\/wp-content\/uploads\/2026\/04\/Seas-Business-Forum-3-696x464.jpg 696w, https:\/\/connectingregion.com\/wp-content\/uploads\/2026\/04\/Seas-Business-Forum-3-1068x712.jpg 1068w, https:\/\/connectingregion.com\/wp-content\/uploads\/2026\/04\/Seas-Business-Forum-3.jpg 1198w\" sizes=\"auto, (max-width: 1024px) 100vw, 1024px\" \/><\/figure>\n<\/div>\n\n\n<p>Forum je bio fokusiran na klju\u010dne sektore kao \u0161to su transport, energetika, digitalna infrastruktura i finansije, uz poseban naglasak na ja\u010danje energetske sigurnosti i razvoj strate\u0161kih projekata povezivanja. U diskusijama je istaknuta i sve ve\u0107a uloga privatnog kapitala i finansijskih institucija u realizaciji velikih infrastrukturnih projekata, kao i potreba za ja\u010danjem otpornosti i konkurentnosti Evropske unije u uslovima promjena globalnih trgovinskih ruta. Tokom samitskog dijela, kojem su prisustvovali premijer <a href=\"https:\/\/connectingregion.com\/bs\/tag\/andrej-plenkovic\/\" data-type=\"post_tag\" data-id=\"3785\">Andrej Plenkovi\u0107<\/a> i drugi regionalni lideri, potpisani su sporazumi i utvr\u0111eni zajedni\u010dki prioriteti, \u010dime je potvr\u0111ena uloga inicijative kao mosta izme\u0111u Evrope i Azije kroz nove koridore.<\/p>\n\n\n<div class=\"wp-block-image\">\n<figure class=\"aligncenter size-large\"><img loading=\"lazy\" decoding=\"async\" width=\"1024\" height=\"682\" src=\"https:\/\/connectingregion.com\/wp-content\/uploads\/2026\/04\/Seas-Business-Forum-2-1024x682.jpg\" alt=\"\" class=\"wp-image-35616\" srcset=\"https:\/\/connectingregion.com\/wp-content\/uploads\/2026\/04\/Seas-Business-Forum-2-1024x682.jpg 1024w, https:\/\/connectingregion.com\/wp-content\/uploads\/2026\/04\/Seas-Business-Forum-2-300x200.jpg 300w, https:\/\/connectingregion.com\/wp-content\/uploads\/2026\/04\/Seas-Business-Forum-2-768x512.jpg 768w, https:\/\/connectingregion.com\/wp-content\/uploads\/2026\/04\/Seas-Business-Forum-2-1536x1024.jpg 1536w, https:\/\/connectingregion.com\/wp-content\/uploads\/2026\/04\/Seas-Business-Forum-2-630x420.jpg 630w, https:\/\/connectingregion.com\/wp-content\/uploads\/2026\/04\/Seas-Business-Forum-2-150x100.jpg 150w, https:\/\/connectingregion.com\/wp-content\/uploads\/2026\/04\/Seas-Business-Forum-2-696x464.jpg 696w, https:\/\/connectingregion.com\/wp-content\/uploads\/2026\/04\/Seas-Business-Forum-2-1068x712.jpg 1068w, https:\/\/connectingregion.com\/wp-content\/uploads\/2026\/04\/Seas-Business-Forum-2-1920x1280.jpg 1920w, https:\/\/connectingregion.com\/wp-content\/uploads\/2026\/04\/Seas-Business-Forum-2.jpg 2003w\" sizes=\"auto, (max-width: 1024px) 100vw, 1024px\" \/><\/figure>\n<\/div>\n\n\n<p>Centralni dio foruma bio je Panel lidera, na kojem su u\u010desnici istakli ekonomski potencijal regiona Tri mora, koji ima oko 120 miliona stanovnika i zajedni\u010dki BDP od 3,5 biliona eura. Veliki odziv i aktivno u\u010de\u0161\u0107e pokazali su rastu\u0107e me\u0111unarodno interesovanje za inicijativu, pozicioniraju\u0107i je kao klju\u010dnu platformu za investicije, regionalnu integraciju i infrastrukturni razvoj okrenut budu\u0107nosti.<\/p>\n\n\n<div class=\"wp-block-image\">\n<figure class=\"aligncenter size-large\"><img loading=\"lazy\" decoding=\"async\" width=\"1024\" height=\"683\" src=\"https:\/\/connectingregion.com\/wp-content\/uploads\/2026\/04\/Seas-Business-Forum-4-1024x683.jpg\" alt=\"\" class=\"wp-image-35617\" srcset=\"https:\/\/connectingregion.com\/wp-content\/uploads\/2026\/04\/Seas-Business-Forum-4-1024x683.jpg 1024w, https:\/\/connectingregion.com\/wp-content\/uploads\/2026\/04\/Seas-Business-Forum-4-300x200.jpg 300w, https:\/\/connectingregion.com\/wp-content\/uploads\/2026\/04\/Seas-Business-Forum-4-768x512.jpg 768w, https:\/\/connectingregion.com\/wp-content\/uploads\/2026\/04\/Seas-Business-Forum-4-630x420.jpg 630w, https:\/\/connectingregion.com\/wp-content\/uploads\/2026\/04\/Seas-Business-Forum-4-150x100.jpg 150w, https:\/\/connectingregion.com\/wp-content\/uploads\/2026\/04\/Seas-Business-Forum-4-696x464.jpg 696w, https:\/\/connectingregion.com\/wp-content\/uploads\/2026\/04\/Seas-Business-Forum-4.jpg 1047w\" sizes=\"auto, (max-width: 1024px) 100vw, 1024px\" \/><\/figure>\n<\/div>\n\n\n<p>Premijer Plenkovi\u0107, zajedno s Borjanom Kri\u0161to, potpisao je sporazum o gasnoj interkonekciji izme\u0111u Hrvatske i Bosne i Hercegovine, opisuju\u0107i ga kao temelj energetske nezavisnosti i bilateralne saradnje. Ameri\u010dki sekretar za energetiku Chris Wright naglasio je da ve\u0107a dostupnost energije pokre\u0107e prosperitet, isti\u010du\u0107i \u0161iri strate\u0161ki zna\u010daj takvih projekata.<\/p>\n\n\n<div class=\"wp-block-image\">\n<figure class=\"aligncenter size-large\"><img loading=\"lazy\" decoding=\"async\" width=\"1024\" height=\"683\" src=\"https:\/\/connectingregion.com\/wp-content\/uploads\/2026\/04\/Dubrovnik-Hosts-Business-Forum-1024x683.jpg\" alt=\"\" class=\"wp-image-35618\" srcset=\"https:\/\/connectingregion.com\/wp-content\/uploads\/2026\/04\/Dubrovnik-Hosts-Business-Forum-1024x683.jpg 1024w, https:\/\/connectingregion.com\/wp-content\/uploads\/2026\/04\/Dubrovnik-Hosts-Business-Forum-300x200.jpg 300w, https:\/\/connectingregion.com\/wp-content\/uploads\/2026\/04\/Dubrovnik-Hosts-Business-Forum-768x512.jpg 768w, https:\/\/connectingregion.com\/wp-content\/uploads\/2026\/04\/Dubrovnik-Hosts-Business-Forum-630x420.jpg 630w, https:\/\/connectingregion.com\/wp-content\/uploads\/2026\/04\/Dubrovnik-Hosts-Business-Forum-150x100.jpg 150w, https:\/\/connectingregion.com\/wp-content\/uploads\/2026\/04\/Dubrovnik-Hosts-Business-Forum-696x464.jpg 696w, https:\/\/connectingregion.com\/wp-content\/uploads\/2026\/04\/Dubrovnik-Hosts-Business-Forum-1068x712.jpg 1068w, https:\/\/connectingregion.com\/wp-content\/uploads\/2026\/04\/Dubrovnik-Hosts-Business-Forum.jpg 1200w\" sizes=\"auto, (max-width: 1024px) 100vw, 1024px\" \/><\/figure>\n<\/div>\n\n\n<p>Forum je u fokus stavio i projekt Pantheon, vrijedan oko 50 milijardi dolara, koji uklju\u010duje planove za izgradnju velikog AI razvojnog i inovacionog centra u Topuskom, jedne od najve\u0107ih investicija u Centralnoj i Isto\u010dnoj Evropi. O\u010dekuje se da \u0107e projekt otvoriti hiljade radnih mjesta i zna\u010dajno unaprijediti infrastrukturu, uz procijenjenih 500 miliona eura namijenjenih elektroenergetskim mre\u017eama, transportu i digitalnim mre\u017eama. Hrvatska kompanija Kon\u010dar trebala bi u\u010destvovati kroz pismo namjere s Pantheon Atlas LLC, dok se po\u010detak izgradnje o\u010dekuje 2027, a po\u010detak rada 2029. godine.<\/p>\n","protected":false},"excerpt":{"rendered":"<p>Poslovni forum Inicijative tri mora 2026. odr\u017ean je 28. i 29. aprila u Dubrovniku, paralelno s 11. samitom Inicijative tri mora, okupiv\u0161i vi\u0161e od 1.200 u\u010desnika, me\u0111u kojima su bili vladini zvani\u010dnici, poslovni lideri, investitori i predstavnici me\u0111unarodnih finansijskih institucija. Doma\u0107in doga\u0111aja bila je Hrvatska, kao zemlja koja trenutno predsjedava inicijativom, a skup je naglasio [&hellip;]<\/p>\n","protected":false},"author":4,"featured_media":35614,"comment_status":"closed","ping_status":"closed","sticky":false,"template":"","format":"standard","meta":{"footnotes":""},"categories":[3152,3149,3058],"tags":[3785,4322,4323,4312,3592,4331],"class_list":{"0":"post-35655","1":"post","2":"type-post","3":"status-publish","4":"format-standard","5":"has-post-thumbnail","7":"category-dogadjaji","8":"category-hrvatska","9":"category-vijesti","10":"tag-andrej-plenkovic","11":"tag-borjana-kristo","12":"tag-chris-wright-bs","13":"tag-dubrovnik-bs","14":"tag-eu","15":"tag-three-seas-initiative-bs"},"td_post_theme_settings":{"td_primary_cat":"3149","td_subtitle":"Lideri i investitori okupili su se kako bi oja\u010dali saradnju u oblasti energetike, transporta i digitalne infrastrukture \u0161irom regiona."},"_links":{"self":[{"href":"https:\/\/connectingregion.com\/bs\/wp-json\/wp\/v2\/posts\/35655","targetHints":{"allow":["GET"]}}],"collection":[{"href":"https:\/\/connectingregion.com\/bs\/wp-json\/wp\/v2\/posts"}],"about":[{"href":"https:\/\/connectingregion.com\/bs\/wp-json\/wp\/v2\/types\/post"}],"author":[{"embeddable":true,"href":"https:\/\/connectingregion.com\/bs\/wp-json\/wp\/v2\/users\/4"}],"replies":[{"embeddable":true,"href":"https:\/\/connectingregion.com\/bs\/wp-json\/wp\/v2\/comments?post=35655"}],"version-history":[{"count":3,"href":"https:\/\/connectingregion.com\/bs\/wp-json\/wp\/v2\/posts\/35655\/revisions"}],"predecessor-version":[{"id":35679,"href":"https:\/\/connectingregion.com\/bs\/wp-json\/wp\/v2\/posts\/35655\/revisions\/35679"}],"wp:featuredmedia":[{"embeddable":true,"href":"https:\/\/connectingregion.com\/bs\/wp-json\/wp\/v2\/media\/35614"}],"wp:attachment":[{"href":"https:\/\/connectingregion.com\/bs\/wp-json\/wp\/v2\/media?parent=35655"}],"wp:term":[{"taxonomy":"category","embeddable":true,"href":"https:\/\/connectingregion.com\/bs\/wp-json\/wp\/v2\/categories?post=35655"},{"taxonomy":"post_tag","embeddable":true,"href":"https:\/\/connectingregion.com\/bs\/wp-json\/wp\/v2\/tags?post=35655"}],"curies":[{"name":"wp","href":"https:\/\/api.w.org\/{rel}","templated":true}]}}