{"id":35654,"date":"2026-04-30T12:14:41","date_gmt":"2026-04-30T10:14:41","guid":{"rendered":"https:\/\/connectingregion.com\/?p=35654"},"modified":"2026-04-30T12:14:47","modified_gmt":"2026-04-30T10:14:47","slug":"dubrovniku-mbledh-forumin-e-biznesit-te-nismes-se-tre-deteve","status":"publish","type":"post","link":"https:\/\/connectingregion.com\/al\/lajme\/dubrovniku-mbledh-forumin-e-biznesit-te-nismes-se-tre-deteve\/","title":{"rendered":"Dubrovniku mbledh Forumin e Biznesit t\u00eb Nism\u00ebs s\u00eb Tre Deteve"},"content":{"rendered":"\n<p class=\"has-drop-cap dropcapp2\">Forumi i Biznesit i Nism\u00ebs s\u00eb <a href=\"https:\/\/connectingregion.com\/al\/tag\/three-seas-initiative-al\/\" data-type=\"post_tag\" data-id=\"4330\">Tre Deteve 2026<\/a> u mbajt m\u00eb 28 dhe 29 prill n\u00eb <a href=\"https:\/\/connectingregion.com\/al\/tag\/dubrovnik-al\/\" data-type=\"post_tag\" data-id=\"4313\">Dubrovnik<\/a>, paralelisht me Samitin e 11-t\u00eb t\u00eb Nism\u00ebs s\u00eb Tre Deteve, duke mbledhur m\u00eb shum\u00eb se 1,200 pjes\u00ebmarr\u00ebs, p\u00ebrfshir\u00eb zyrtar\u00eb qeveritar\u00eb, drejtues biznesi, investitor\u00eb dhe p\u00ebrfaq\u00ebsues t\u00eb institucioneve financiare nd\u00ebrkomb\u00ebtare. I organizuar nga Kroacia, si vendi q\u00eb aktualisht kryeson nism\u00ebn, eventi theksoi r\u00ebnd\u00ebsin\u00eb n\u00eb rritje strategjike t\u00eb bashk\u00ebpunimit mes rajonit t\u00eb Detit Baltik, Adriatik dhe Detit t\u00eb Zi.<\/p>\n\n\n<div class=\"wp-block-image\">\n<figure class=\"aligncenter size-large\"><img loading=\"lazy\" decoding=\"async\" width=\"1024\" height=\"683\" src=\"https:\/\/connectingregion.com\/wp-content\/uploads\/2026\/04\/Seas-Business-Forum-3-1024x683.jpg\" alt=\"\" class=\"wp-image-35615\" srcset=\"https:\/\/connectingregion.com\/wp-content\/uploads\/2026\/04\/Seas-Business-Forum-3-1024x683.jpg 1024w, https:\/\/connectingregion.com\/wp-content\/uploads\/2026\/04\/Seas-Business-Forum-3-300x200.jpg 300w, https:\/\/connectingregion.com\/wp-content\/uploads\/2026\/04\/Seas-Business-Forum-3-768x512.jpg 768w, https:\/\/connectingregion.com\/wp-content\/uploads\/2026\/04\/Seas-Business-Forum-3-630x420.jpg 630w, https:\/\/connectingregion.com\/wp-content\/uploads\/2026\/04\/Seas-Business-Forum-3-150x100.jpg 150w, https:\/\/connectingregion.com\/wp-content\/uploads\/2026\/04\/Seas-Business-Forum-3-696x464.jpg 696w, https:\/\/connectingregion.com\/wp-content\/uploads\/2026\/04\/Seas-Business-Forum-3-1068x712.jpg 1068w, https:\/\/connectingregion.com\/wp-content\/uploads\/2026\/04\/Seas-Business-Forum-3.jpg 1198w\" sizes=\"auto, (max-width: 1024px) 100vw, 1024px\" \/><\/figure>\n<\/div>\n\n\n<p>Forumi u fokusua n\u00eb sektor\u00eb ky\u00e7 si transporti, energjia, infrastruktura digjitale dhe financat, me theks t\u00eb ve\u00e7ant\u00eb n\u00eb forcimin e siguris\u00eb energjetike dhe zhvillimin e projekteve strategjike t\u00eb lidhshm\u00ebris\u00eb. Diskutimet n\u00ebnvizuan gjithashtu rolin gjithnj\u00eb e m\u00eb t\u00eb madh t\u00eb kapitalit privat dhe institucioneve financiare n\u00eb realizimin e infrastruktur\u00ebs s\u00eb madhe, si dhe nevoj\u00ebn p\u00ebr t\u00eb rritur q\u00ebndrueshm\u00ebrin\u00eb dhe konkurrueshm\u00ebrin\u00eb e Bashkimit Evropian n\u00eb kushtet e ndryshimit t\u00eb rrug\u00ebve globale tregtare. Gjat\u00eb segmentit t\u00eb samitit, ku mor\u00ebn pjes\u00eb kryeministri Andrej Plenkovi\u0107 dhe lider\u00eb t\u00eb tjer\u00eb rajonal\u00eb, u n\u00ebnshkruan marr\u00ebveshje dhe u p\u00ebrcaktuan prioritete t\u00eb p\u00ebrbashk\u00ebta, duke p\u00ebrforcuar rolin e nism\u00ebs si ur\u00eb mes Evrop\u00ebs dhe Azis\u00eb p\u00ebrmes korridoreve t\u00eb reja.<\/p>\n\n\n<div class=\"wp-block-image\">\n<figure class=\"aligncenter size-large\"><img loading=\"lazy\" decoding=\"async\" width=\"1024\" height=\"682\" src=\"https:\/\/connectingregion.com\/wp-content\/uploads\/2026\/04\/Seas-Business-Forum-2-1024x682.jpg\" alt=\"\" class=\"wp-image-35616\" srcset=\"https:\/\/connectingregion.com\/wp-content\/uploads\/2026\/04\/Seas-Business-Forum-2-1024x682.jpg 1024w, https:\/\/connectingregion.com\/wp-content\/uploads\/2026\/04\/Seas-Business-Forum-2-300x200.jpg 300w, https:\/\/connectingregion.com\/wp-content\/uploads\/2026\/04\/Seas-Business-Forum-2-768x512.jpg 768w, https:\/\/connectingregion.com\/wp-content\/uploads\/2026\/04\/Seas-Business-Forum-2-1536x1024.jpg 1536w, https:\/\/connectingregion.com\/wp-content\/uploads\/2026\/04\/Seas-Business-Forum-2-630x420.jpg 630w, https:\/\/connectingregion.com\/wp-content\/uploads\/2026\/04\/Seas-Business-Forum-2-150x100.jpg 150w, https:\/\/connectingregion.com\/wp-content\/uploads\/2026\/04\/Seas-Business-Forum-2-696x464.jpg 696w, https:\/\/connectingregion.com\/wp-content\/uploads\/2026\/04\/Seas-Business-Forum-2-1068x712.jpg 1068w, https:\/\/connectingregion.com\/wp-content\/uploads\/2026\/04\/Seas-Business-Forum-2-1920x1280.jpg 1920w, https:\/\/connectingregion.com\/wp-content\/uploads\/2026\/04\/Seas-Business-Forum-2.jpg 2003w\" sizes=\"auto, (max-width: 1024px) 100vw, 1024px\" \/><\/figure>\n<\/div>\n\n\n<p>Nj\u00eb moment qendror i forumit ishte Paneli i Lider\u00ebve, ku pjes\u00ebmarr\u00ebsit theksuan potencialin ekonomik t\u00eb rajonit t\u00eb Tre Deteve, me rreth 120 milion\u00eb banor\u00eb dhe PBB t\u00eb p\u00ebrbashk\u00ebt prej 3.5 trilion\u00eb eurosh. Pjes\u00ebmarrja e madhe dhe angazhimi aktiv sinjalizuan interes n\u00eb rritje nd\u00ebrkomb\u00ebtar p\u00ebr nism\u00ebn, duke e pozicionuar at\u00eb si nj\u00eb platform\u00eb ky\u00e7e p\u00ebr investime, integrim rajonal dhe zhvillim infrastrukture t\u00eb orientuar drejt s\u00eb ardhmes.<\/p>\n\n\n<div class=\"wp-block-image\">\n<figure class=\"aligncenter size-large\"><img loading=\"lazy\" decoding=\"async\" width=\"1024\" height=\"683\" src=\"https:\/\/connectingregion.com\/wp-content\/uploads\/2026\/04\/Seas-Business-Forum-4-1024x683.jpg\" alt=\"\" class=\"wp-image-35617\" srcset=\"https:\/\/connectingregion.com\/wp-content\/uploads\/2026\/04\/Seas-Business-Forum-4-1024x683.jpg 1024w, https:\/\/connectingregion.com\/wp-content\/uploads\/2026\/04\/Seas-Business-Forum-4-300x200.jpg 300w, https:\/\/connectingregion.com\/wp-content\/uploads\/2026\/04\/Seas-Business-Forum-4-768x512.jpg 768w, https:\/\/connectingregion.com\/wp-content\/uploads\/2026\/04\/Seas-Business-Forum-4-630x420.jpg 630w, https:\/\/connectingregion.com\/wp-content\/uploads\/2026\/04\/Seas-Business-Forum-4-150x100.jpg 150w, https:\/\/connectingregion.com\/wp-content\/uploads\/2026\/04\/Seas-Business-Forum-4-696x464.jpg 696w, https:\/\/connectingregion.com\/wp-content\/uploads\/2026\/04\/Seas-Business-Forum-4.jpg 1047w\" sizes=\"auto, (max-width: 1024px) 100vw, 1024px\" \/><\/figure>\n<\/div>\n\n\n<p>Kryeministri Plenkovi\u0107, s\u00eb bashku me Borjana Kri\u0161to, n\u00ebnshkroi nj\u00eb marr\u00ebveshje p\u00ebr interkoneksionin e gazit mes Kroacis\u00eb dhe Bosnj\u00eb e Hercegovin\u00ebs, duke e p\u00ebrshkruar at\u00eb si gur themeli t\u00eb pavar\u00ebsis\u00eb energjetike dhe bashk\u00ebpunimit dypal\u00ebsh. Sekretari amerikan i Energjis\u00eb Chris Wright theksoi se disponueshm\u00ebria m\u00eb e madhe e energjis\u00eb nxit prosperitetin, duke n\u00ebnvizuar r\u00ebnd\u00ebsin\u00eb m\u00eb t\u00eb gjer\u00eb strategjike t\u00eb projekteve t\u00eb tilla.<\/p>\n\n\n<div class=\"wp-block-image\">\n<figure class=\"aligncenter size-large\"><img loading=\"lazy\" decoding=\"async\" width=\"1024\" height=\"683\" src=\"https:\/\/connectingregion.com\/wp-content\/uploads\/2026\/04\/Dubrovnik-Hosts-Business-Forum-1024x683.jpg\" alt=\"\" class=\"wp-image-35618\" srcset=\"https:\/\/connectingregion.com\/wp-content\/uploads\/2026\/04\/Dubrovnik-Hosts-Business-Forum-1024x683.jpg 1024w, https:\/\/connectingregion.com\/wp-content\/uploads\/2026\/04\/Dubrovnik-Hosts-Business-Forum-300x200.jpg 300w, https:\/\/connectingregion.com\/wp-content\/uploads\/2026\/04\/Dubrovnik-Hosts-Business-Forum-768x512.jpg 768w, https:\/\/connectingregion.com\/wp-content\/uploads\/2026\/04\/Dubrovnik-Hosts-Business-Forum-630x420.jpg 630w, https:\/\/connectingregion.com\/wp-content\/uploads\/2026\/04\/Dubrovnik-Hosts-Business-Forum-150x100.jpg 150w, https:\/\/connectingregion.com\/wp-content\/uploads\/2026\/04\/Dubrovnik-Hosts-Business-Forum-696x464.jpg 696w, https:\/\/connectingregion.com\/wp-content\/uploads\/2026\/04\/Dubrovnik-Hosts-Business-Forum-1068x712.jpg 1068w, https:\/\/connectingregion.com\/wp-content\/uploads\/2026\/04\/Dubrovnik-Hosts-Business-Forum.jpg 1200w\" sizes=\"auto, (max-width: 1024px) 100vw, 1024px\" \/><\/figure>\n<\/div>\n\n\n<p>Forumi vuri n\u00eb qend\u00ebr t\u00eb v\u00ebmendjes edhe projektin Pantheon, me vler\u00eb rreth 50 miliard\u00eb dollar\u00eb, i cili p\u00ebrfshin plane p\u00ebr nd\u00ebrtimin e nj\u00eb qendre t\u00eb madhe zhvillimi dhe inovacioni p\u00ebr AI n\u00eb Topusko, nj\u00eb nga investimet m\u00eb t\u00eb m\u00ebdha n\u00eb Evrop\u00ebn Qendrore dhe Lindore. Projekti pritet t\u00eb krijoj\u00eb mij\u00ebra vende pune dhe t\u00eb p\u00ebrmir\u00ebsoj\u00eb ndjesh\u00ebm infrastruktur\u00ebn, me rreth 500 milion\u00eb euro t\u00eb parashikuara p\u00ebr rrjetet energjetike, transportin dhe rrjetet digjitale. Kompania kroate Kon\u010dar pritet t\u00eb marr\u00eb pjes\u00eb p\u00ebrmes nj\u00eb letre q\u00ebllimi me Pantheon Atlas LLC, nd\u00ebrsa nd\u00ebrtimi pritet t\u00eb nis\u00eb n\u00eb vitin 2027 dhe operimi n\u00eb vitin 2029.<\/p>\n","protected":false},"excerpt":{"rendered":"<p>Forumi i Biznesit i Nism\u00ebs s\u00eb Tre Deteve 2026 u mbajt m\u00eb 28 dhe 29 prill n\u00eb Dubrovnik, paralelisht me Samitin e 11-t\u00eb t\u00eb Nism\u00ebs s\u00eb Tre Deteve, duke mbledhur m\u00eb shum\u00eb se 1,200 pjes\u00ebmarr\u00ebs, p\u00ebrfshir\u00eb zyrtar\u00eb qeveritar\u00eb, drejtues biznesi, investitor\u00eb dhe p\u00ebrfaq\u00ebsues t\u00eb institucioneve financiare nd\u00ebrkomb\u00ebtare. I organizuar nga Kroacia, si vendi q\u00eb aktualisht [&hellip;]<\/p>\n","protected":false},"author":4,"featured_media":35614,"comment_status":"closed","ping_status":"closed","sticky":false,"template":"","format":"standard","meta":{"footnotes":""},"categories":[3088,3050,3085],"tags":[3784,3373,4318,4325,4313,4330],"class_list":{"0":"post-35654","1":"post","2":"type-post","3":"status-publish","4":"format-standard","5":"has-post-thumbnail","7":"category-kroacia","8":"category-lajme","9":"category-ngjarjet","10":"tag-andrej-plenkovic","11":"tag-be","12":"tag-borjana-kristo","13":"tag-chris-wright-al","14":"tag-dubrovnik-al","15":"tag-three-seas-initiative-al"},"td_post_theme_settings":{"td_primary_cat":"3088","td_subtitle":"Lider\u00eb, investitor\u00eb dhe politik\u00ebb\u00ebr\u00ebs u mblodh\u00ebn p\u00ebr t\u00eb forcuar bashk\u00ebpunimin n\u00eb energji, transport dhe infrastruktur\u00eb digjitale n\u00eb rajon."},"_links":{"self":[{"href":"https:\/\/connectingregion.com\/al\/wp-json\/wp\/v2\/posts\/35654","targetHints":{"allow":["GET"]}}],"collection":[{"href":"https:\/\/connectingregion.com\/al\/wp-json\/wp\/v2\/posts"}],"about":[{"href":"https:\/\/connectingregion.com\/al\/wp-json\/wp\/v2\/types\/post"}],"author":[{"embeddable":true,"href":"https:\/\/connectingregion.com\/al\/wp-json\/wp\/v2\/users\/4"}],"replies":[{"embeddable":true,"href":"https:\/\/connectingregion.com\/al\/wp-json\/wp\/v2\/comments?post=35654"}],"version-history":[{"count":2,"href":"https:\/\/connectingregion.com\/al\/wp-json\/wp\/v2\/posts\/35654\/revisions"}],"predecessor-version":[{"id":35669,"href":"https:\/\/connectingregion.com\/al\/wp-json\/wp\/v2\/posts\/35654\/revisions\/35669"}],"wp:featuredmedia":[{"embeddable":true,"href":"https:\/\/connectingregion.com\/al\/wp-json\/wp\/v2\/media\/35614"}],"wp:attachment":[{"href":"https:\/\/connectingregion.com\/al\/wp-json\/wp\/v2\/media?parent=35654"}],"wp:term":[{"taxonomy":"category","embeddable":true,"href":"https:\/\/connectingregion.com\/al\/wp-json\/wp\/v2\/categories?post=35654"},{"taxonomy":"post_tag","embeddable":true,"href":"https:\/\/connectingregion.com\/al\/wp-json\/wp\/v2\/tags?post=35654"}],"curies":[{"name":"wp","href":"https:\/\/api.w.org\/{rel}","templated":true}]}}