{"id":35264,"date":"2026-04-27T11:12:02","date_gmt":"2026-04-27T09:12:02","guid":{"rendered":"https:\/\/connectingregion.com\/?p=35264"},"modified":"2026-04-27T12:30:25","modified_gmt":"2026-04-27T10:30:25","slug":"adria-future-summit-ne-tivat-nga-dialogu-rajonal-te-projektet-konkrete","status":"publish","type":"post","link":"https:\/\/connectingregion.com\/al\/lajme\/adria-future-summit-ne-tivat-nga-dialogu-rajonal-te-projektet-konkrete\/","title":{"rendered":"Adria Future Summit n\u00eb Tivat: Nga dialogu rajonal te projektet konkrete"},"content":{"rendered":"\n<p class=\"has-drop-cap dropcapp2\">Me m\u00eb shum\u00eb se 70 sesione dhe nj\u00eb list\u00eb t\u00eb nivelit t\u00eb lart\u00eb pjes\u00ebmarr\u00ebsish, p\u00ebrfshir\u00eb Milojko Spaji\u0107, Mohamed Alabbar, Annette Kroeber-Riel, Cherie Blair dhe Manfredi Lefebvre d\u2019Ovidio, samiti theksoi nj\u00eb mesazh t\u00eb qart\u00eb: rajoni duhet t\u00eb veproj\u00eb me vendosm\u00ebri n\u00eb nj\u00eb mjedis global gjithnj\u00eb e m\u00eb k\u00ebrkues.<\/p>\n\n\n<div class=\"wp-block-image\">\n<figure class=\"aligncenter size-large\"><img loading=\"lazy\" decoding=\"async\" width=\"1024\" height=\"683\" src=\"https:\/\/connectingregion.com\/wp-content\/uploads\/2026\/04\/Adria-Future-Summit-in-Tivat-1-1024x683.jpg\" alt=\"\" class=\"wp-image-35250\" srcset=\"https:\/\/connectingregion.com\/wp-content\/uploads\/2026\/04\/Adria-Future-Summit-in-Tivat-1-1024x683.jpg 1024w, https:\/\/connectingregion.com\/wp-content\/uploads\/2026\/04\/Adria-Future-Summit-in-Tivat-1-300x200.jpg 300w, https:\/\/connectingregion.com\/wp-content\/uploads\/2026\/04\/Adria-Future-Summit-in-Tivat-1-768x512.jpg 768w, https:\/\/connectingregion.com\/wp-content\/uploads\/2026\/04\/Adria-Future-Summit-in-Tivat-1-630x420.jpg 630w, https:\/\/connectingregion.com\/wp-content\/uploads\/2026\/04\/Adria-Future-Summit-in-Tivat-1-150x100.jpg 150w, https:\/\/connectingregion.com\/wp-content\/uploads\/2026\/04\/Adria-Future-Summit-in-Tivat-1-696x464.jpg 696w, https:\/\/connectingregion.com\/wp-content\/uploads\/2026\/04\/Adria-Future-Summit-in-Tivat-1-1068x712.jpg 1068w, https:\/\/connectingregion.com\/wp-content\/uploads\/2026\/04\/Adria-Future-Summit-in-Tivat-1.jpg 1200w\" sizes=\"auto, (max-width: 1024px) 100vw, 1024px\" \/><\/figure>\n<\/div>\n\n\n<p>Duke folur n\u00eb hapje, <a href=\"https:\/\/connectingregion.com\/tag\/biljana-braithwaite\/\" type=\"link\" id=\"https:\/\/connectingregion.com\/al\/tag\/biljana-braithwaite\/\">Biljana Braithwaite<\/a> theksoi se platforma ekziston q\u00eb rajoni \u201ct\u00eb flas\u00eb p\u00ebr veten dhe t\u00eb veproj\u00eb\u201d, duke reflektuar nj\u00eb zhvendosje m\u00eb t\u00eb gjer\u00eb nga dialogu i fokusuar n\u00eb ESG drejt rritjes, qeverisjes, q\u00ebndrueshm\u00ebris\u00eb dhe inovacionit. Ky drejtim u p\u00ebrforcua edhe nga <a href=\"https:\/\/connectingregion.com\/al\/tag\/zeljko-komnenovic\/\" type=\"post_tag\" id=\"4256\">\u017deljko Komnenovi\u0107<\/a>, i cili e paraqiti Tivatin jo thjesht si nj\u00eb destinacion, por si nj\u00eb pik\u00eb takimi t\u00eb ambicies globale dhe p\u00ebrgjegj\u00ebsis\u00eb lokale. Diskutimet trajtuan gjithashtu rrug\u00ebtimin e rajonit drejt BE-s\u00eb, me Malin e Zi t\u00eb theksuar si nj\u00eb pararend\u00ebs n\u00eb negociatat e an\u00ebtar\u00ebsimit dhe si kryesues aktual i Procesit t\u00eb Berlinit, duke i shtuar pesh\u00eb politike agjend\u00ebs s\u00eb samitit.<\/p>\n\n\n<div class=\"wp-block-image\">\n<figure class=\"aligncenter size-large\"><img loading=\"lazy\" decoding=\"async\" width=\"1024\" height=\"683\" src=\"https:\/\/connectingregion.com\/wp-content\/uploads\/2026\/04\/Adria-Future-Summit-in-Tivat-2-1024x683.jpg\" alt=\"\" class=\"wp-image-35251\" srcset=\"https:\/\/connectingregion.com\/wp-content\/uploads\/2026\/04\/Adria-Future-Summit-in-Tivat-2-1024x683.jpg 1024w, https:\/\/connectingregion.com\/wp-content\/uploads\/2026\/04\/Adria-Future-Summit-in-Tivat-2-300x200.jpg 300w, https:\/\/connectingregion.com\/wp-content\/uploads\/2026\/04\/Adria-Future-Summit-in-Tivat-2-768x512.jpg 768w, https:\/\/connectingregion.com\/wp-content\/uploads\/2026\/04\/Adria-Future-Summit-in-Tivat-2-630x420.jpg 630w, https:\/\/connectingregion.com\/wp-content\/uploads\/2026\/04\/Adria-Future-Summit-in-Tivat-2-150x100.jpg 150w, https:\/\/connectingregion.com\/wp-content\/uploads\/2026\/04\/Adria-Future-Summit-in-Tivat-2-696x464.jpg 696w, https:\/\/connectingregion.com\/wp-content\/uploads\/2026\/04\/Adria-Future-Summit-in-Tivat-2-1068x712.jpg 1068w, https:\/\/connectingregion.com\/wp-content\/uploads\/2026\/04\/Adria-Future-Summit-in-Tivat-2.jpg 1200w\" sizes=\"auto, (max-width: 1024px) 100vw, 1024px\" \/><\/figure>\n<\/div>\n\n\n<p>Nj\u00eb seri panelesh t\u00eb nivelit t\u00eb lart\u00eb e p\u00ebrforcuan m\u00eb tej k\u00ebt\u00eb ndryshim, ve\u00e7an\u00ebrisht ato q\u00eb mblodh\u00ebn ministra rajonal\u00eb dhe politik\u00ebb\u00ebr\u00ebs t\u00eb lart\u00eb. Diskutimet u p\u00ebrqendruan n\u00eb p\u00ebrshpejtimin e integrimit n\u00eb BE, p\u00ebrmir\u00ebsimin e lidhshm\u00ebris\u00eb rajonale dhe zhbllokimin e investimeve strategjike n\u00eb infrastruktur\u00eb, energji dhe transformim digjital. Kryeministri <a href=\"https:\/\/connectingregion.com\/al\/tag\/milojko-spajic\/\" type=\"post_tag\" id=\"3380\">Milojko Spaji\u0107<\/a> theksoi ambicien e Malit t\u00eb Zi p\u00ebr t\u00eb ruajtur pozicionin e tij si pararend\u00ebs n\u00eb procesin e an\u00ebtar\u00ebsimit n\u00eb BE, duke v\u00ebn\u00eb n\u00eb pah stabilitetin fiskal dhe zbatimin e reformave si prioritete ky\u00e7e. N\u00eb t\u00eb gjitha k\u00ebto sesione, u arrit nj\u00eb p\u00ebrfundim i p\u00ebrbashk\u00ebt: konkurrueshm\u00ebria e rajonit do t\u00eb varet nga aft\u00ebsia e tij p\u00ebr t\u00eb harmonizuar politikat publike me kapitalin privat, p\u00ebr t\u00eb forcuar kornizat institucionale dhe p\u00ebr t\u00eb kaluar nga iniciativa t\u00eb fragmentuara drejt projekteve t\u00eb koordinuara nd\u00ebrkufitare. Fol\u00ebsit theksuan gjithashtu se rritja e q\u00ebndrueshme duhet t\u00eb mbetet e bazuar n\u00eb qeverisje, p\u00ebrgjegj\u00ebsi sociale dhe rezilienc\u00eb afatgjat\u00eb, dhe jo n\u00eb p\u00ebrfitime afatshkurtra.<\/p>\n\n\n<div class=\"wp-block-image\">\n<figure class=\"aligncenter size-large\"><img loading=\"lazy\" decoding=\"async\" width=\"1024\" height=\"683\" src=\"https:\/\/connectingregion.com\/wp-content\/uploads\/2026\/04\/Adria-Future-Summit-in-Tivat-3-1024x683.jpg\" alt=\"\" class=\"wp-image-35252\" srcset=\"https:\/\/connectingregion.com\/wp-content\/uploads\/2026\/04\/Adria-Future-Summit-in-Tivat-3-1024x683.jpg 1024w, https:\/\/connectingregion.com\/wp-content\/uploads\/2026\/04\/Adria-Future-Summit-in-Tivat-3-300x200.jpg 300w, https:\/\/connectingregion.com\/wp-content\/uploads\/2026\/04\/Adria-Future-Summit-in-Tivat-3-768x512.jpg 768w, https:\/\/connectingregion.com\/wp-content\/uploads\/2026\/04\/Adria-Future-Summit-in-Tivat-3-630x420.jpg 630w, https:\/\/connectingregion.com\/wp-content\/uploads\/2026\/04\/Adria-Future-Summit-in-Tivat-3-150x100.jpg 150w, https:\/\/connectingregion.com\/wp-content\/uploads\/2026\/04\/Adria-Future-Summit-in-Tivat-3-696x464.jpg 696w, https:\/\/connectingregion.com\/wp-content\/uploads\/2026\/04\/Adria-Future-Summit-in-Tivat-3-1068x712.jpg 1068w, https:\/\/connectingregion.com\/wp-content\/uploads\/2026\/04\/Adria-Future-Summit-in-Tivat-3.jpg 1200w\" sizes=\"auto, (max-width: 1024px) 100vw, 1024px\" \/><\/figure>\n<\/div>\n\n\n<p>Nj\u00eb tjet\u00ebr seri panelesh t\u00eb nivelit t\u00eb lart\u00eb e konkretizoi m\u00eb tej orientimin e samitit drejt zbatimit, duke ofruar p\u00ebrfundime konkrete n\u00eb sektor\u00ebt kryesor\u00eb. N\u00eb diskutimin \u201cKu takohen kapitali dhe ambicia \u2013 Investimi n\u00eb rajonin Adria\u201d, pjes\u00ebmarr\u00ebsit theksuan se rajoni nuk vuan m\u00eb nga mungesa e kapitalit, por nga mungesa e projekteve t\u00eb p\u00ebrgatitura mir\u00eb dhe t\u00eb financueshme, duke n\u00ebnvizuar nevoj\u00ebn p\u00ebr koordinim m\u00eb t\u00eb fort\u00eb institucional dhe linja m\u00eb t\u00eb qarta investimi. N\u00eb panelin \u201cEkonomia e energjis\u00eb s\u00eb rinovueshme\u201d, fokusi u zhvendos te tranzicioni energjetik si nj\u00eb nga mund\u00ebsit\u00eb m\u00eb t\u00eb menj\u00ebhershme t\u00eb rajonit, ku fol\u00ebsit theksuan se harmonizimi rregullator dhe p\u00ebrshpejtimi i procedurave t\u00eb lejeve do t\u00eb jen\u00eb vendimtare p\u00ebr t\u00eb zhbllokuar investime t\u00eb m\u00ebdha t\u00eb gjelbra.<\/p>\n\n\n<div class=\"wp-block-image\">\n<figure class=\"aligncenter size-large\"><img loading=\"lazy\" decoding=\"async\" width=\"1024\" height=\"683\" src=\"https:\/\/connectingregion.com\/wp-content\/uploads\/2026\/04\/Adria-Future-Summit-in-Tivat-4-1024x683.jpg\" alt=\"\" class=\"wp-image-35253\" srcset=\"https:\/\/connectingregion.com\/wp-content\/uploads\/2026\/04\/Adria-Future-Summit-in-Tivat-4-1024x683.jpg 1024w, https:\/\/connectingregion.com\/wp-content\/uploads\/2026\/04\/Adria-Future-Summit-in-Tivat-4-300x200.jpg 300w, https:\/\/connectingregion.com\/wp-content\/uploads\/2026\/04\/Adria-Future-Summit-in-Tivat-4-768x512.jpg 768w, https:\/\/connectingregion.com\/wp-content\/uploads\/2026\/04\/Adria-Future-Summit-in-Tivat-4-630x420.jpg 630w, https:\/\/connectingregion.com\/wp-content\/uploads\/2026\/04\/Adria-Future-Summit-in-Tivat-4-150x100.jpg 150w, https:\/\/connectingregion.com\/wp-content\/uploads\/2026\/04\/Adria-Future-Summit-in-Tivat-4-696x464.jpg 696w, https:\/\/connectingregion.com\/wp-content\/uploads\/2026\/04\/Adria-Future-Summit-in-Tivat-4-1068x712.jpg 1068w, https:\/\/connectingregion.com\/wp-content\/uploads\/2026\/04\/Adria-Future-Summit-in-Tivat-4.jpg 1200w\" sizes=\"auto, (max-width: 1024px) 100vw, 1024px\" \/><figcaption class=\"wp-element-caption\">Mohamed Alabbar<\/figcaption><\/figure>\n<\/div>\n\n\n<p>N\u00eb nj\u00eb bised\u00eb kryesore n\u00eb format fireside, <a href=\"https:\/\/connectingregion.com\/al\/tag\/mohamed-alabbar\/\" type=\"post_tag\" id=\"4199\">Mohamed Alabbar <\/a>theksoi potencialin ende t\u00eb pashfryt\u00ebzuar t\u00eb Adriatikut si nj\u00eb destinacion global premium, duke argumentuar se vlera afatgjat\u00eb q\u00ebndron n\u00eb zhvillime t\u00eb integruara q\u00eb kombinojn\u00eb turizmin, infrastruktur\u00ebn dhe ndikimin n\u00eb komunitet. N\u00eb k\u00ebto diskutime, si dhe n\u00eb panelet ministrore mbi bashk\u00ebpunimin rajonal dhe integrimin n\u00eb BE, u shfaq nj\u00eb mesazh i p\u00ebrbashk\u00ebt: rajoni duhet t\u00eb kaloj\u00eb p\u00ebrtej iniciativave t\u00eb fragmentuara dhe t\u00eb p\u00ebrqendrohet n\u00eb realizimin e projekteve t\u00eb shkall\u00ebzueshme, ku politikat publike, kapitali privat dhe strategjit\u00eb e zhvillimit lokal jan\u00eb t\u00eb harmonizuara.<\/p>\n\n\n\n<p>Si pjes\u00eb e programit zyrtar, The Region organizoi nj\u00eb aktivitet t\u00eb <a href=\"https:\/\/connectingregion.com\/al\/lajme\/rajoni-organizoi-ngjarjen-montenegro-means-business-ne-adria-future-summit-ne-tivat\/\" type=\"link\" id=\"https:\/\/connectingregion.com\/al\/lajme\/rajoni-organizoi-ngjarjen-montenegro-means-business-ne-adria-future-summit-ne-tivat\/\">dedikuar rrjet\u00ebzimi<\/a> me titull \u201cMontenegro Means Business\u201d, duke mbledhur nj\u00eb grup t\u00eb p\u00ebrzgjedhur lider\u00ebsh biznesi, investitor\u00ebsh dhe p\u00ebrfaq\u00ebsuesish institucional\u00eb.<\/p>\n\n\n<div class=\"wp-block-image\">\n<figure class=\"aligncenter size-large\"><img loading=\"lazy\" decoding=\"async\" width=\"1024\" height=\"683\" src=\"https:\/\/connectingregion.com\/wp-content\/uploads\/2026\/04\/Ana-Novcic-Montenegro-Means-Business-Event-at-Adria-Future-Summit-1024x683.jpg\" alt=\"\" class=\"wp-image-35121\" srcset=\"https:\/\/connectingregion.com\/wp-content\/uploads\/2026\/04\/Ana-Novcic-Montenegro-Means-Business-Event-at-Adria-Future-Summit-1024x683.jpg 1024w, https:\/\/connectingregion.com\/wp-content\/uploads\/2026\/04\/Ana-Novcic-Montenegro-Means-Business-Event-at-Adria-Future-Summit-300x200.jpg 300w, https:\/\/connectingregion.com\/wp-content\/uploads\/2026\/04\/Ana-Novcic-Montenegro-Means-Business-Event-at-Adria-Future-Summit-768x512.jpg 768w, https:\/\/connectingregion.com\/wp-content\/uploads\/2026\/04\/Ana-Novcic-Montenegro-Means-Business-Event-at-Adria-Future-Summit-630x420.jpg 630w, https:\/\/connectingregion.com\/wp-content\/uploads\/2026\/04\/Ana-Novcic-Montenegro-Means-Business-Event-at-Adria-Future-Summit-150x100.jpg 150w, https:\/\/connectingregion.com\/wp-content\/uploads\/2026\/04\/Ana-Novcic-Montenegro-Means-Business-Event-at-Adria-Future-Summit-696x464.jpg 696w, https:\/\/connectingregion.com\/wp-content\/uploads\/2026\/04\/Ana-Novcic-Montenegro-Means-Business-Event-at-Adria-Future-Summit-1068x712.jpg 1068w, https:\/\/connectingregion.com\/wp-content\/uploads\/2026\/04\/Ana-Novcic-Montenegro-Means-Business-Event-at-Adria-Future-Summit.jpg 1200w\" sizes=\"auto, (max-width: 1024px) 100vw, 1024px\" \/><figcaption class=\"wp-element-caption\">Ana Nov\u010di\u0107<\/figcaption><\/figure>\n<\/div>\n\n\n<p><a href=\"https:\/\/connectingregion.com\/al\/tag\/ana-novcic\/\" type=\"post_tag\" id=\"4131\">Ana Nov\u010di\u0107<\/a>, Kryeredaktore dhe CEO e The Region dhe e sht\u00ebpis\u00eb botuese AIM, e cila q\u00ebndron pas The Region dhe CorD Magazine, e hapi takimin duke e pozicionuar The Region si nj\u00eb platform\u00eb q\u00eb ndjek se si historit\u00eb e investimeve n\u00eb rajonin Adria shnd\u00ebrrohen n\u00eb projekte reale, nd\u00ebrsa njoftoi se faqja e saj tashm\u00eb \u00ebsht\u00eb e disponueshme n\u00eb shtat\u00eb gjuh\u00eb rajonale krahas anglishtes, duke zgjeruar ndjesh\u00ebm shtrirjen. Ajo prezantoi gjithashtu numrin e ardhsh\u00ebm t\u00eb qershorit, \u201cCroatia Means Business\u201d.<\/p>\n\n\n<div class=\"wp-block-image\">\n<figure class=\"aligncenter size-large\"><img loading=\"lazy\" decoding=\"async\" width=\"1024\" height=\"683\" src=\"https:\/\/connectingregion.com\/wp-content\/uploads\/2026\/04\/Montenegro-Means-Business-Event-at-Adria-Future-Summit-10-1024x683.jpg\" alt=\"\" class=\"wp-image-35249\" srcset=\"https:\/\/connectingregion.com\/wp-content\/uploads\/2026\/04\/Montenegro-Means-Business-Event-at-Adria-Future-Summit-10-1024x683.jpg 1024w, https:\/\/connectingregion.com\/wp-content\/uploads\/2026\/04\/Montenegro-Means-Business-Event-at-Adria-Future-Summit-10-300x200.jpg 300w, https:\/\/connectingregion.com\/wp-content\/uploads\/2026\/04\/Montenegro-Means-Business-Event-at-Adria-Future-Summit-10-768x512.jpg 768w, https:\/\/connectingregion.com\/wp-content\/uploads\/2026\/04\/Montenegro-Means-Business-Event-at-Adria-Future-Summit-10-630x420.jpg 630w, https:\/\/connectingregion.com\/wp-content\/uploads\/2026\/04\/Montenegro-Means-Business-Event-at-Adria-Future-Summit-10-150x100.jpg 150w, https:\/\/connectingregion.com\/wp-content\/uploads\/2026\/04\/Montenegro-Means-Business-Event-at-Adria-Future-Summit-10-696x464.jpg 696w, https:\/\/connectingregion.com\/wp-content\/uploads\/2026\/04\/Montenegro-Means-Business-Event-at-Adria-Future-Summit-10-1068x712.jpg 1068w, https:\/\/connectingregion.com\/wp-content\/uploads\/2026\/04\/Montenegro-Means-Business-Event-at-Adria-Future-Summit-10.jpg 1200w\" sizes=\"auto, (max-width: 1024px) 100vw, 1024px\" \/><\/figure>\n<\/div>\n\n\n<p>Biseda qendrore e mbr\u00ebmjes p\u00ebrfshiu <a href=\"https:\/\/connectingregion.com\/al\/tag\/davor-kunc\/\" type=\"post_tag\" id=\"4135\">Davor Kunc<\/a>, drejtues i Bank\u00ebs Evropiane t\u00eb Investimeve n\u00eb Mal t\u00eb Zi, n\u00eb nj\u00eb diskutim fireside me COO-n e AIM, Ivana Jovanovi\u0107, duke u fokusuar n\u00eb m\u00ebnyr\u00ebn se si financimi nd\u00ebrkomb\u00ebtar po shnd\u00ebrrohet n\u00eb projekte konkrete n\u00eb terren. Kjo u pasua nga nj\u00eb bised\u00eb e dyt\u00eb me \u0110ina Vuk\u010devi\u0107 nga WOBA, e cila solli nj\u00eb perspektiv\u00eb mbi zhvillimin rajonal t\u00eb biznesit dhe dinamikat e tregut. Nd\u00ebr t\u00eb pranishmit ishin Ambasadorja e Kanadas\u00eb n\u00eb Mal t\u00eb Zi, Shk\u00eblqesia e Saj Michelle Cameron, Brankica Jankovi\u0107, p\u00ebrfaq\u00ebsues t\u00eb K\u00ebshillit t\u00eb Investimeve t\u00eb Huaja n\u00eb Mal t\u00eb Zi, p\u00ebrfshir\u00eb Arijana Nikoli\u0107 dhe Nemanja Bojovi\u0107, Budomir Rai\u010dkovi\u0107, President i Shoqat\u00ebs s\u00eb Menaxher\u00ebve t\u00eb Malit t\u00eb Zi, si dhe figura t\u00eb tjera t\u00eb larta nga komuniteti rajonal i biznesit.<\/p>\n\n\n\n<p>N\u00eb p\u00ebrgjith\u00ebsi, <a href=\"https:\/\/connectingregion.com\/al\/tag\/adria-future-summit\/\" type=\"post_tag\" id=\"4122\">Adria Future Summit <\/a>konfirmoi evoluimin e tij n\u00eb nj\u00eb platform\u00eb jo vet\u00ebm p\u00ebr dialog, por edhe p\u00ebr veprim, duke bashkuar aktor\u00ebt e aft\u00eb p\u00ebr t\u00eb form\u00ebsuar faz\u00ebn e ardhshme t\u00eb zhvillimit ekonomik dhe institucional t\u00eb rajonit Adriatik.<\/p>\n","protected":false},"excerpt":{"rendered":"<p>Me m\u00eb shum\u00eb se 70 sesione dhe nj\u00eb list\u00eb t\u00eb nivelit t\u00eb lart\u00eb pjes\u00ebmarr\u00ebsish, p\u00ebrfshir\u00eb Milojko Spaji\u0107, Mohamed Alabbar, Annette Kroeber-Riel, Cherie Blair dhe Manfredi Lefebvre d\u2019Ovidio, samiti theksoi nj\u00eb mesazh t\u00eb qart\u00eb: rajoni duhet t\u00eb veproj\u00eb me vendosm\u00ebri n\u00eb nj\u00eb mjedis global gjithnj\u00eb e m\u00eb k\u00ebrkues. Duke folur n\u00eb hapje, Biljana Braithwaite theksoi se [&hellip;]<\/p>\n","protected":false},"author":4,"featured_media":35254,"comment_status":"closed","ping_status":"closed","sticky":false,"template":"","format":"standard","meta":{"footnotes":""},"categories":[3050,3120,3085],"tags":[4122,4131,4229,4241,4135,4247,3380,4199,3376],"class_list":{"0":"post-35264","1":"post","2":"type-post","3":"status-publish","4":"format-standard","5":"has-post-thumbnail","7":"category-lajme","8":"category-mali-i-zi","9":"category-ngjarjet","10":"tag-adria-future-summit","11":"tag-ana-novcic","12":"tag-annette-kroeber-riel","13":"tag-cherie-blair","14":"tag-davor-kunc","15":"tag-manfredi-lefebvre-dovidio","16":"tag-milojko-spajic","17":"tag-mohamed-alabbar","18":"tag-tivat"},"td_post_theme_settings":{"td_subtitle":"I mbajtur nga 22 deri m\u00eb 24 prill n\u00eb Porto Montenegro, Adria Future Summit u pozicionua si nj\u00eb pik\u00eb kthese p\u00ebr Ballkanin Per\u00ebndimor, duke zhvendosur narrativ\u00ebn nga potenciali drejt realizimit konkret."},"yoast_head":"<!-- This site is optimized with the Yoast SEO plugin v27.4 - https:\/\/yoast.com\/product\/yoast-seo-wordpress\/ -->\n<title>Adria Future Summit n\u00eb Tivat: Nga dialogu rajonal te projektet konkrete - The Region<\/title>\n<meta name=\"robots\" content=\"index, follow, max-snippet:-1, max-image-preview:large, max-video-preview:-1\" \/>\n<link rel=\"canonical\" href=\"https:\/\/connectingregion.com\/al\/lajme\/adria-future-summit-ne-tivat-nga-dialogu-rajonal-te-projektet-konkrete\/\" \/>\n<meta property=\"og:locale\" content=\"sq_AL\" \/>\n<meta property=\"og:type\" content=\"article\" \/>\n<meta property=\"og:title\" content=\"Adria Future Summit n\u00eb Tivat: Nga dialogu rajonal te projektet konkrete - The Region\" \/>\n<meta property=\"og:description\" content=\"Me m\u00eb shum\u00eb se 70 sesione dhe nj\u00eb list\u00eb t\u00eb nivelit t\u00eb lart\u00eb pjes\u00ebmarr\u00ebsish, p\u00ebrfshir\u00eb Milojko Spaji\u0107, Mohamed Alabbar, Annette Kroeber-Riel, Cherie Blair dhe Manfredi Lefebvre d\u2019Ovidio, samiti theksoi nj\u00eb mesazh t\u00eb qart\u00eb: rajoni duhet t\u00eb veproj\u00eb me vendosm\u00ebri n\u00eb nj\u00eb mjedis global gjithnj\u00eb e m\u00eb k\u00ebrkues. Duke folur n\u00eb hapje, Biljana Braithwaite theksoi se [&hellip;]\" \/>\n<meta property=\"og:url\" content=\"https:\/\/connectingregion.com\/al\/lajme\/adria-future-summit-ne-tivat-nga-dialogu-rajonal-te-projektet-konkrete\/\" \/>\n<meta property=\"og:site_name\" content=\"The Region\" \/>\n<meta property=\"article:published_time\" content=\"2026-04-27T09:12:02+00:00\" \/>\n<meta property=\"article:modified_time\" content=\"2026-04-27T10:30:25+00:00\" \/>\n<meta property=\"og:image\" content=\"https:\/\/connectingregion.com\/wp-content\/uploads\/2026\/04\/Adria-Future-Summit-in-Tivat-5.jpg\" \/>\n\t<meta property=\"og:image:width\" content=\"1200\" \/>\n\t<meta property=\"og:image:height\" content=\"800\" \/>\n\t<meta property=\"og:image:type\" content=\"image\/jpeg\" \/>\n<meta name=\"author\" content=\"Jovan\" \/>\n<meta name=\"twitter:card\" content=\"summary_large_image\" \/>\n<meta name=\"twitter:creator\" content=\"@connectregion\" \/>\n<meta name=\"twitter:site\" content=\"@connectregion\" \/>\n<meta name=\"twitter:label1\" content=\"Written by\" \/>\n\t<meta name=\"twitter:data1\" content=\"Jovan\" \/>\n\t<meta name=\"twitter:label2\" content=\"Est. reading time\" \/>\n\t<meta name=\"twitter:data2\" content=\"5 minutes\" \/>\n<script type=\"application\/ld+json\" class=\"yoast-schema-graph\">{\"@context\":\"https:\\\/\\\/schema.org\",\"@graph\":[{\"@type\":\"Article\",\"@id\":\"https:\\\/\\\/connectingregion.com\\\/al\\\/lajme\\\/adria-future-summit-ne-tivat-nga-dialogu-rajonal-te-projektet-konkrete\\\/#article\",\"isPartOf\":{\"@id\":\"https:\\\/\\\/connectingregion.com\\\/al\\\/lajme\\\/adria-future-summit-ne-tivat-nga-dialogu-rajonal-te-projektet-konkrete\\\/\"},\"author\":{\"name\":\"Jovan\",\"@id\":\"https:\\\/\\\/connectingregion.com\\\/#\\\/schema\\\/person\\\/de13a9eaa84fab489c5d2c6acff922b2\"},\"headline\":\"Adria Future Summit n\u00eb Tivat: Nga dialogu rajonal te projektet konkrete\",\"datePublished\":\"2026-04-27T09:12:02+00:00\",\"dateModified\":\"2026-04-27T10:30:25+00:00\",\"mainEntityOfPage\":{\"@id\":\"https:\\\/\\\/connectingregion.com\\\/al\\\/lajme\\\/adria-future-summit-ne-tivat-nga-dialogu-rajonal-te-projektet-konkrete\\\/\"},\"wordCount\":919,\"publisher\":{\"@id\":\"https:\\\/\\\/connectingregion.com\\\/#organization\"},\"image\":{\"@id\":\"https:\\\/\\\/connectingregion.com\\\/al\\\/lajme\\\/adria-future-summit-ne-tivat-nga-dialogu-rajonal-te-projektet-konkrete\\\/#primaryimage\"},\"thumbnailUrl\":\"https:\\\/\\\/connectingregion.com\\\/wp-content\\\/uploads\\\/2026\\\/04\\\/Adria-Future-Summit-in-Tivat-5.jpg\",\"keywords\":[\"Adria Future Summit\",\"Ana Nov\u010di\u0107\",\"Annette Kroeber-Riel\",\"Cherie Blair\",\"Davor Kunc\",\"Manfredi Lefebvre d\u2019Ovidio\",\"Milojko Spaji\u0107\",\"Mohamed Alabbar\",\"Tivat\"],\"articleSection\":[\"Lajme\",\"Mali i Zi\",\"Ngjarjet\"],\"inLanguage\":\"sq-AL\"},{\"@type\":\"WebPage\",\"@id\":\"https:\\\/\\\/connectingregion.com\\\/al\\\/lajme\\\/adria-future-summit-ne-tivat-nga-dialogu-rajonal-te-projektet-konkrete\\\/\",\"url\":\"https:\\\/\\\/connectingregion.com\\\/al\\\/lajme\\\/adria-future-summit-ne-tivat-nga-dialogu-rajonal-te-projektet-konkrete\\\/\",\"name\":\"Adria Future Summit n\u00eb Tivat: Nga dialogu rajonal te projektet konkrete - The Region\",\"isPartOf\":{\"@id\":\"https:\\\/\\\/connectingregion.com\\\/#website\"},\"primaryImageOfPage\":{\"@id\":\"https:\\\/\\\/connectingregion.com\\\/al\\\/lajme\\\/adria-future-summit-ne-tivat-nga-dialogu-rajonal-te-projektet-konkrete\\\/#primaryimage\"},\"image\":{\"@id\":\"https:\\\/\\\/connectingregion.com\\\/al\\\/lajme\\\/adria-future-summit-ne-tivat-nga-dialogu-rajonal-te-projektet-konkrete\\\/#primaryimage\"},\"thumbnailUrl\":\"https:\\\/\\\/connectingregion.com\\\/wp-content\\\/uploads\\\/2026\\\/04\\\/Adria-Future-Summit-in-Tivat-5.jpg\",\"datePublished\":\"2026-04-27T09:12:02+00:00\",\"dateModified\":\"2026-04-27T10:30:25+00:00\",\"breadcrumb\":{\"@id\":\"https:\\\/\\\/connectingregion.com\\\/al\\\/lajme\\\/adria-future-summit-ne-tivat-nga-dialogu-rajonal-te-projektet-konkrete\\\/#breadcrumb\"},\"inLanguage\":\"sq-AL\",\"potentialAction\":[{\"@type\":\"ReadAction\",\"target\":[\"https:\\\/\\\/connectingregion.com\\\/al\\\/lajme\\\/adria-future-summit-ne-tivat-nga-dialogu-rajonal-te-projektet-konkrete\\\/\"]}]},{\"@type\":\"ImageObject\",\"inLanguage\":\"sq-AL\",\"@id\":\"https:\\\/\\\/connectingregion.com\\\/al\\\/lajme\\\/adria-future-summit-ne-tivat-nga-dialogu-rajonal-te-projektet-konkrete\\\/#primaryimage\",\"url\":\"https:\\\/\\\/connectingregion.com\\\/wp-content\\\/uploads\\\/2026\\\/04\\\/Adria-Future-Summit-in-Tivat-5.jpg\",\"contentUrl\":\"https:\\\/\\\/connectingregion.com\\\/wp-content\\\/uploads\\\/2026\\\/04\\\/Adria-Future-Summit-in-Tivat-5.jpg\",\"width\":1200,\"height\":800},{\"@type\":\"BreadcrumbList\",\"@id\":\"https:\\\/\\\/connectingregion.com\\\/al\\\/lajme\\\/adria-future-summit-ne-tivat-nga-dialogu-rajonal-te-projektet-konkrete\\\/#breadcrumb\",\"itemListElement\":[{\"@type\":\"ListItem\",\"position\":1,\"name\":\"Home\",\"item\":\"https:\\\/\\\/connectingregion.com\\\/al\\\/\"},{\"@type\":\"ListItem\",\"position\":2,\"name\":\"Adria Future Summit n\u00eb Tivat: Nga dialogu rajonal te projektet konkrete\"}]},{\"@type\":\"WebSite\",\"@id\":\"https:\\\/\\\/connectingregion.com\\\/#website\",\"url\":\"https:\\\/\\\/connectingregion.com\\\/\",\"name\":\"The Region\",\"description\":\"Regional ties: Officials &amp; leaders unite for tomorrow\",\"publisher\":{\"@id\":\"https:\\\/\\\/connectingregion.com\\\/#organization\"},\"potentialAction\":[{\"@type\":\"SearchAction\",\"target\":{\"@type\":\"EntryPoint\",\"urlTemplate\":\"https:\\\/\\\/connectingregion.com\\\/?s={search_term_string}\"},\"query-input\":{\"@type\":\"PropertyValueSpecification\",\"valueRequired\":true,\"valueName\":\"search_term_string\"}}],\"inLanguage\":\"sq-AL\"},{\"@type\":\"Organization\",\"@id\":\"https:\\\/\\\/connectingregion.com\\\/#organization\",\"name\":\"The Region\",\"url\":\"https:\\\/\\\/connectingregion.com\\\/\",\"logo\":{\"@type\":\"ImageObject\",\"inLanguage\":\"sq-AL\",\"@id\":\"https:\\\/\\\/connectingregion.com\\\/#\\\/schema\\\/logo\\\/image\\\/\",\"url\":\"https:\\\/\\\/connectingregion.com\\\/wp-content\\\/uploads\\\/2023\\\/10\\\/cropped-Artboard-2.jpg\",\"contentUrl\":\"https:\\\/\\\/connectingregion.com\\\/wp-content\\\/uploads\\\/2023\\\/10\\\/cropped-Artboard-2.jpg\",\"width\":512,\"height\":512,\"caption\":\"The Region\"},\"image\":{\"@id\":\"https:\\\/\\\/connectingregion.com\\\/#\\\/schema\\\/logo\\\/image\\\/\"},\"sameAs\":[\"https:\\\/\\\/x.com\\\/connectregion\",\"https:\\\/\\\/www.linkedin.com\\\/company\\\/connectregion\\\/\",\"https:\\\/\\\/www.instagram.com\\\/connectregion\\\/\"]},{\"@type\":\"Person\",\"@id\":\"https:\\\/\\\/connectingregion.com\\\/#\\\/schema\\\/person\\\/de13a9eaa84fab489c5d2c6acff922b2\",\"name\":\"Jovan\",\"image\":{\"@type\":\"ImageObject\",\"inLanguage\":\"sq-AL\",\"@id\":\"https:\\\/\\\/connectingregion.com\\\/wp-content\\\/uploads\\\/2023\\\/10\\\/cropped-Cord-favicon-1-96x96.png\",\"url\":\"https:\\\/\\\/connectingregion.com\\\/wp-content\\\/uploads\\\/2023\\\/10\\\/cropped-Cord-favicon-1-96x96.png\",\"contentUrl\":\"https:\\\/\\\/connectingregion.com\\\/wp-content\\\/uploads\\\/2023\\\/10\\\/cropped-Cord-favicon-1-96x96.png\",\"caption\":\"Jovan\"},\"url\":\"https:\\\/\\\/connectingregion.com\\\/al\\\/author\\\/jovan\\\/\"}]}<\/script>\n<!-- \/ Yoast SEO plugin. -->","yoast_head_json":{"title":"Adria Future Summit n\u00eb Tivat: Nga dialogu rajonal te projektet konkrete - The Region","robots":{"index":"index","follow":"follow","max-snippet":"max-snippet:-1","max-image-preview":"max-image-preview:large","max-video-preview":"max-video-preview:-1"},"canonical":"https:\/\/connectingregion.com\/al\/lajme\/adria-future-summit-ne-tivat-nga-dialogu-rajonal-te-projektet-konkrete\/","og_locale":"sq_AL","og_type":"article","og_title":"Adria Future Summit n\u00eb Tivat: Nga dialogu rajonal te projektet konkrete - The Region","og_description":"Me m\u00eb shum\u00eb se 70 sesione dhe nj\u00eb list\u00eb t\u00eb nivelit t\u00eb lart\u00eb pjes\u00ebmarr\u00ebsish, p\u00ebrfshir\u00eb Milojko Spaji\u0107, Mohamed Alabbar, Annette Kroeber-Riel, Cherie Blair dhe Manfredi Lefebvre d\u2019Ovidio, samiti theksoi nj\u00eb mesazh t\u00eb qart\u00eb: rajoni duhet t\u00eb veproj\u00eb me vendosm\u00ebri n\u00eb nj\u00eb mjedis global gjithnj\u00eb e m\u00eb k\u00ebrkues. Duke folur n\u00eb hapje, Biljana Braithwaite theksoi se [&hellip;]","og_url":"https:\/\/connectingregion.com\/al\/lajme\/adria-future-summit-ne-tivat-nga-dialogu-rajonal-te-projektet-konkrete\/","og_site_name":"The Region","article_published_time":"2026-04-27T09:12:02+00:00","article_modified_time":"2026-04-27T10:30:25+00:00","og_image":[{"width":1200,"height":800,"url":"https:\/\/connectingregion.com\/wp-content\/uploads\/2026\/04\/Adria-Future-Summit-in-Tivat-5.jpg","type":"image\/jpeg"}],"author":"Jovan","twitter_card":"summary_large_image","twitter_creator":"@connectregion","twitter_site":"@connectregion","twitter_misc":{"Written by":"Jovan","Est. reading time":"5 minutes"},"schema":{"@context":"https:\/\/schema.org","@graph":[{"@type":"Article","@id":"https:\/\/connectingregion.com\/al\/lajme\/adria-future-summit-ne-tivat-nga-dialogu-rajonal-te-projektet-konkrete\/#article","isPartOf":{"@id":"https:\/\/connectingregion.com\/al\/lajme\/adria-future-summit-ne-tivat-nga-dialogu-rajonal-te-projektet-konkrete\/"},"author":{"name":"Jovan","@id":"https:\/\/connectingregion.com\/#\/schema\/person\/de13a9eaa84fab489c5d2c6acff922b2"},"headline":"Adria Future Summit n\u00eb Tivat: Nga dialogu rajonal te projektet konkrete","datePublished":"2026-04-27T09:12:02+00:00","dateModified":"2026-04-27T10:30:25+00:00","mainEntityOfPage":{"@id":"https:\/\/connectingregion.com\/al\/lajme\/adria-future-summit-ne-tivat-nga-dialogu-rajonal-te-projektet-konkrete\/"},"wordCount":919,"publisher":{"@id":"https:\/\/connectingregion.com\/#organization"},"image":{"@id":"https:\/\/connectingregion.com\/al\/lajme\/adria-future-summit-ne-tivat-nga-dialogu-rajonal-te-projektet-konkrete\/#primaryimage"},"thumbnailUrl":"https:\/\/connectingregion.com\/wp-content\/uploads\/2026\/04\/Adria-Future-Summit-in-Tivat-5.jpg","keywords":["Adria Future Summit","Ana Nov\u010di\u0107","Annette Kroeber-Riel","Cherie Blair","Davor Kunc","Manfredi Lefebvre d\u2019Ovidio","Milojko Spaji\u0107","Mohamed Alabbar","Tivat"],"articleSection":["Lajme","Mali i Zi","Ngjarjet"],"inLanguage":"sq-AL"},{"@type":"WebPage","@id":"https:\/\/connectingregion.com\/al\/lajme\/adria-future-summit-ne-tivat-nga-dialogu-rajonal-te-projektet-konkrete\/","url":"https:\/\/connectingregion.com\/al\/lajme\/adria-future-summit-ne-tivat-nga-dialogu-rajonal-te-projektet-konkrete\/","name":"Adria Future Summit n\u00eb Tivat: Nga dialogu rajonal te projektet konkrete - The Region","isPartOf":{"@id":"https:\/\/connectingregion.com\/#website"},"primaryImageOfPage":{"@id":"https:\/\/connectingregion.com\/al\/lajme\/adria-future-summit-ne-tivat-nga-dialogu-rajonal-te-projektet-konkrete\/#primaryimage"},"image":{"@id":"https:\/\/connectingregion.com\/al\/lajme\/adria-future-summit-ne-tivat-nga-dialogu-rajonal-te-projektet-konkrete\/#primaryimage"},"thumbnailUrl":"https:\/\/connectingregion.com\/wp-content\/uploads\/2026\/04\/Adria-Future-Summit-in-Tivat-5.jpg","datePublished":"2026-04-27T09:12:02+00:00","dateModified":"2026-04-27T10:30:25+00:00","breadcrumb":{"@id":"https:\/\/connectingregion.com\/al\/lajme\/adria-future-summit-ne-tivat-nga-dialogu-rajonal-te-projektet-konkrete\/#breadcrumb"},"inLanguage":"sq-AL","potentialAction":[{"@type":"ReadAction","target":["https:\/\/connectingregion.com\/al\/lajme\/adria-future-summit-ne-tivat-nga-dialogu-rajonal-te-projektet-konkrete\/"]}]},{"@type":"ImageObject","inLanguage":"sq-AL","@id":"https:\/\/connectingregion.com\/al\/lajme\/adria-future-summit-ne-tivat-nga-dialogu-rajonal-te-projektet-konkrete\/#primaryimage","url":"https:\/\/connectingregion.com\/wp-content\/uploads\/2026\/04\/Adria-Future-Summit-in-Tivat-5.jpg","contentUrl":"https:\/\/connectingregion.com\/wp-content\/uploads\/2026\/04\/Adria-Future-Summit-in-Tivat-5.jpg","width":1200,"height":800},{"@type":"BreadcrumbList","@id":"https:\/\/connectingregion.com\/al\/lajme\/adria-future-summit-ne-tivat-nga-dialogu-rajonal-te-projektet-konkrete\/#breadcrumb","itemListElement":[{"@type":"ListItem","position":1,"name":"Home","item":"https:\/\/connectingregion.com\/al\/"},{"@type":"ListItem","position":2,"name":"Adria Future Summit n\u00eb Tivat: Nga dialogu rajonal te projektet konkrete"}]},{"@type":"WebSite","@id":"https:\/\/connectingregion.com\/#website","url":"https:\/\/connectingregion.com\/","name":"The Region","description":"Regional ties: Officials &amp; leaders unite for tomorrow","publisher":{"@id":"https:\/\/connectingregion.com\/#organization"},"potentialAction":[{"@type":"SearchAction","target":{"@type":"EntryPoint","urlTemplate":"https:\/\/connectingregion.com\/?s={search_term_string}"},"query-input":{"@type":"PropertyValueSpecification","valueRequired":true,"valueName":"search_term_string"}}],"inLanguage":"sq-AL"},{"@type":"Organization","@id":"https:\/\/connectingregion.com\/#organization","name":"The Region","url":"https:\/\/connectingregion.com\/","logo":{"@type":"ImageObject","inLanguage":"sq-AL","@id":"https:\/\/connectingregion.com\/#\/schema\/logo\/image\/","url":"https:\/\/connectingregion.com\/wp-content\/uploads\/2023\/10\/cropped-Artboard-2.jpg","contentUrl":"https:\/\/connectingregion.com\/wp-content\/uploads\/2023\/10\/cropped-Artboard-2.jpg","width":512,"height":512,"caption":"The Region"},"image":{"@id":"https:\/\/connectingregion.com\/#\/schema\/logo\/image\/"},"sameAs":["https:\/\/x.com\/connectregion","https:\/\/www.linkedin.com\/company\/connectregion\/","https:\/\/www.instagram.com\/connectregion\/"]},{"@type":"Person","@id":"https:\/\/connectingregion.com\/#\/schema\/person\/de13a9eaa84fab489c5d2c6acff922b2","name":"Jovan","image":{"@type":"ImageObject","inLanguage":"sq-AL","@id":"https:\/\/connectingregion.com\/wp-content\/uploads\/2023\/10\/cropped-Cord-favicon-1-96x96.png","url":"https:\/\/connectingregion.com\/wp-content\/uploads\/2023\/10\/cropped-Cord-favicon-1-96x96.png","contentUrl":"https:\/\/connectingregion.com\/wp-content\/uploads\/2023\/10\/cropped-Cord-favicon-1-96x96.png","caption":"Jovan"},"url":"https:\/\/connectingregion.com\/al\/author\/jovan\/"}]}},"_links":{"self":[{"href":"https:\/\/connectingregion.com\/al\/wp-json\/wp\/v2\/posts\/35264","targetHints":{"allow":["GET"]}}],"collection":[{"href":"https:\/\/connectingregion.com\/al\/wp-json\/wp\/v2\/posts"}],"about":[{"href":"https:\/\/connectingregion.com\/al\/wp-json\/wp\/v2\/types\/post"}],"author":[{"embeddable":true,"href":"https:\/\/connectingregion.com\/al\/wp-json\/wp\/v2\/users\/4"}],"replies":[{"embeddable":true,"href":"https:\/\/connectingregion.com\/al\/wp-json\/wp\/v2\/comments?post=35264"}],"version-history":[{"count":8,"href":"https:\/\/connectingregion.com\/al\/wp-json\/wp\/v2\/posts\/35264\/revisions"}],"predecessor-version":[{"id":35395,"href":"https:\/\/connectingregion.com\/al\/wp-json\/wp\/v2\/posts\/35264\/revisions\/35395"}],"wp:featuredmedia":[{"embeddable":true,"href":"https:\/\/connectingregion.com\/al\/wp-json\/wp\/v2\/media\/35254"}],"wp:attachment":[{"href":"https:\/\/connectingregion.com\/al\/wp-json\/wp\/v2\/media?parent=35264"}],"wp:term":[{"taxonomy":"category","embeddable":true,"href":"https:\/\/connectingregion.com\/al\/wp-json\/wp\/v2\/categories?post=35264"},{"taxonomy":"post_tag","embeddable":true,"href":"https:\/\/connectingregion.com\/al\/wp-json\/wp\/v2\/tags?post=35264"}],"curies":[{"name":"wp","href":"https:\/\/api.w.org\/{rel}","templated":true}]}}